{"id":1094,"date":"2020-09-20T06:25:30","date_gmt":"2020-09-20T06:25:30","guid":{"rendered":"http:\/\/prontointernational.org\/img\/?p=1094"},"modified":"2020-09-19T11:15:09","modified_gmt":"2020-09-19T11:15:09","slug":"rencontres-art-nature","status":"publish","type":"post","link":"http:\/\/prontointernational.org\/img\/2020\/09\/20\/rencontres-art-nature\/","title":{"rendered":"Rencontres Art Nature"},"content":{"rendered":"<p>Apr\u00e8s avoir explor\u00e9 diff\u00e9rents domaines, il se rend compte que cest dans linstantan\u00e9 quil a le plus daisance faute de cr\u00e9ativit\u00e9. Le lac dAubusson dAuvergne passe sous Pavillon Bleu <img src=\"http:\/\/lucasfoglia.com\/wp-content\/uploads\/009_20180717_153418201807_Illinois_Chicago_MuseumofContemporaryPhotography_HumanNature-1-1600x1200.jpg\" alt=\"rencontres art nature\" align=\"right\"> Lexposition \u00e9ph\u00e9m\u00e8re Horizons rencontres Arts nature est \u00e0 d\u00e9couvrir jusquau 16 septembre. Les uvres seront ensuite d\u00e9mont\u00e9es et la nature reprendra ses droits. Connectez vous \u00e0 votre compte pour pouvoir modifier So if your children make mountains of stones and lines in the sand, no its not land art. But keep your hopes up. Like Van Gogh or Gauguin, famous posthumously, success can always happen. 34Comme le note M. Sibertin 2010 : 240, ce nest pas parce quil existe une offre existante que les pratiques des habitants se d\u00e9veloppent. Par contre, cest la mission des responsables culturels de sappuyer sur cette dynamique pour d\u00e9velopper les pratiques. Ici, la population a vite accept\u00e9 ce festival. Elle se d\u00e9place notamment pour le vernissage alors que le prix \u00e0 payer est de 30 bus et repas : 300 personnes cette ann\u00e9e, soit un nombre en constante progression. On la rencontre \u00e9galement sur les sentiers de randonn\u00e9e pr\u00eate \u00e0 red\u00e9couvrir des sites de son territoire. En fait, Horizons Arts Nature \u00e9veille la conscience artistique des visiteurs, locaux ou non. Par son action en direction de la jeunesse, la Communaut\u00e9 de Communes incite aussi les enfants \u00e0 se d\u00e9placer en famille pour venir voir les \u0153uvres ; nonobstant, aucune action nest pr\u00e9vue dans le courant de lann\u00e9e au sein des \u00e9coles. De round balls, balles de foin customis\u00e9es par de la toile cir\u00e9e imprim\u00e9e op\u00e8rent Jamot C, 2002. Le tourisme urbain en Auvergne, Collectif, LAuvergne urbaine, PUBP, Clermont-Ferrand, pp 93-109. Mont\u00e9es sur perchis de bois sur une hauteur de 2 \u00e0 4 m\u00e8tres. Des toitures de toile D\u00e8s le 11 mai, le si\u00e8ge administratif de Trajets propose une permanence journali\u00e8re d ans ses diff\u00e9rents services.  <img src=\"http:\/\/idata.over-blog.com\/3\/01\/28\/26\/divers\/DSCF4108.JPG\" alt=\"rencontres art nature\" align=\"left\"> A balad\u00e9 sa fraise \u00e7a et l\u00e0 avant de revenir au berceau montpelli\u00e9rain. Elle aime ses petites ruelles et sa faune remuante. A horreur du froid et hiberne en hiver. Quand Zigoute n\u00e9crit pas sur CityCrunch, elle fait des cakes \u00e0 la banane N\u00e9e dune volont\u00e9 dallier beaut\u00e9 des paysages aux pratiques artistiques contemporaines, Le 19 : De 11 heures \u00e0 13 heures, atelier chant diphonique, avec Alexandre Arkhincheev \u00e0 la librairie Le Kairn. \u00c0 travers une s\u00e9rie d\u00e9chauffements, dexercices de musculation de la bouche ou un travail du souffle, ce stage convie les novices \u00e0 d\u00e9couvrir ce chant, inscrit depuis 2010 au Patrimoine culturel immat\u00e9riel de lhumanit\u00e9. Prix de latelier : 20. \u00c0 17 heures Double Jeu, fantaisie sc\u00e9nique m\u00ealant th\u00e9\u00e2tre, conte et installation plastique, propos\u00e9e par Conte Land Art, avec la Compagnie des Jolies Choses. \u00c0 21 heures, un \u00e9v\u00e9nement, Alexandre Arkhcheev en concert de chant diphonique et instrumental, comment\u00e9 par la conteuse Tatiana Lambolez. Les commentaires de la conteuse feront voyager \u00e0 travers les \u00e9pop\u00e9es et les mythes fondateurs des peuples Bouriate et Mongole. Participation libre mais souhait\u00e9e. Pour la quatri\u00e8me \u00e9dition du festival Art et Nature, linvit\u00e9 dhonneur est Szabolcs Kokay, illustrateur naturaliste hongrois. Tout le week-end, vous pourrez admirer des nombreuses sculptures, peintures, illustrations ou encore photographies r\u00e9alis\u00e9es par des artistes de la France enti\u00e8re. Le festival Art et Nature proposent \u00e9galement des projections de films, des spectacles, des conf\u00e9rences et des sorties natures. L\u00e9dition 2020 du Festival Branche et Cin\u00e9 ayant \u00e9t\u00e9 annul\u00e9e, Les Cinoches organisent une s\u00e9ance \u00e9v\u00e9nement autour dun long et dun court m\u00e9trage pour plonger les spectateurs dans latmosph\u00e8re si particuli\u00e8re de la for\u00eat, avant de retrouver, nous lesp\u00e9rons, nos partenaires de lONF Office national des For\u00eats pour l\u00e9dition 2021 de Branche et Cin\u00e9.  G\u00e9r\u00e9e par des artistes pour des artistes, cette galerie associative et solidaire au coeur dAix-en-Provence se veut un lieu vivant de d\u00e9couverte, de r\u00e9alisation et d\u00e9motion autour de la cr\u00e9ation dans une relation \u00e9troite entre les artistes et le public, et une volont\u00e9 toute particuli\u00e8re de soutenir la g\u00e9n\u00e9ration \u00e9mergente. Exposition collective de No\u00ebl, du 2 au 29 d\u00e9cembre, peinture, sculpture, photographie, art num\u00e9rique et pop art. Jeunes Talents, du 6 janvier au 29 mars 2020. Lits deau Horizon Sancy Rencontre art et nature, Lac Chambon 2011 Joel Thepault Po\u00e8te plasticien Sculpteur Le Festival LArt est la Nature aura lieu \u00e0 Saint Jean de Monts dans nos locaux le 8 et 9 juin 2019. Deux dates \u00e0 retenir : Lobjectif majeur de cette manifestation est de sensibiliser un public vari\u00e9 aux pratiques artistiques li\u00e9es au paysage ainsi quaux mat\u00e9riaux qui le compose-Dansu o yobu en 2019 artiste : Jiem Bourasseau Naturellement! est le r\u00e9sultat dune rencontre entre lart, la nature et le handicap. Jean WORMS-LIllustration ornithologique : quand la science rencontre lart Ouvert le 3eme dimanche du mois de 14h \u00e0 18h du 1er avril au 1er octobre et tous les dimanches de juillet. Toute ann\u00e9e sur rendez-vous pour les groupes 8 \u00e0 18 personnes sur programmes pour les ateliers. Le 13 et 14 juin 2015, RDV \u00e0 Quincey 21700 \u00e0 quelques kilom\u00e8tres de Nuits Saint Georges, pour d\u00e9couvrir la nouvelle expo Images Confidences en compagnie des meilleurs Photographes du <img src=\"http:\/\/meluzine.association.free.fr\/uploads\/images\/FLYER-CHAILLOL-HD-1.jpg\" alt=\"rencontres art nature\" align=\"right\">  Photos : MEF, 2016 ; Office du Tourisme du Sancy ; Carte extraite de : La France : les 26 r\u00e9gions, Colin, Paris, 2010.<\/p>\n","protected":false},"excerpt":{"rendered":"<p>rencontres art nature<\/p>\n","protected":false},"author":1,"featured_media":0,"comment_status":"closed","ping_status":"closed","sticky":false,"template":"","format":"standard","meta":[],"categories":[1],"tags":[],"_links":{"self":[{"href":"http:\/\/prontointernational.org\/img\/wp-json\/wp\/v2\/posts\/1094"}],"collection":[{"href":"http:\/\/prontointernational.org\/img\/wp-json\/wp\/v2\/posts"}],"about":[{"href":"http:\/\/prontointernational.org\/img\/wp-json\/wp\/v2\/types\/post"}],"author":[{"embeddable":true,"href":"http:\/\/prontointernational.org\/img\/wp-json\/wp\/v2\/users\/1"}],"replies":[{"embeddable":true,"href":"http:\/\/prontointernational.org\/img\/wp-json\/wp\/v2\/comments?post=1094"}],"version-history":[{"count":1,"href":"http:\/\/prontointernational.org\/img\/wp-json\/wp\/v2\/posts\/1094\/revisions"}],"predecessor-version":[{"id":1095,"href":"http:\/\/prontointernational.org\/img\/wp-json\/wp\/v2\/posts\/1094\/revisions\/1095"}],"wp:attachment":[{"href":"http:\/\/prontointernational.org\/img\/wp-json\/wp\/v2\/media?parent=1094"}],"wp:term":[{"taxonomy":"category","embeddable":true,"href":"http:\/\/prontointernational.org\/img\/wp-json\/wp\/v2\/categories?post=1094"},{"taxonomy":"post_tag","embeddable":true,"href":"http:\/\/prontointernational.org\/img\/wp-json\/wp\/v2\/tags?post=1094"}],"curies":[{"name":"wp","href":"https:\/\/api.w.org\/{rel}","templated":true}]}}