{"id":1116,"date":"2020-09-20T07:26:45","date_gmt":"2020-09-20T07:26:45","guid":{"rendered":"http:\/\/prontointernational.org\/img\/?p=1116"},"modified":"2020-09-19T11:50:02","modified_gmt":"2020-09-19T11:50:02","slug":"rencontre-vimy","status":"publish","type":"post","link":"http:\/\/prontointernational.org\/img\/2020\/09\/20\/rencontre-vimy\/","title":{"rendered":"Rencontre Vimy"},"content":{"rendered":"<p>Vous avez besoin de bouger, vous d\u00e9penser, danser, utiliser votre corps pour vous exprimer? Hommes et femmes, d\u00e9butants et confirm\u00e9s.. Offrez-vous un stage tonique! LA D\u00c9MARCHE Vous pourrez explorer. Lun. 2707 au ven. 3107 Danse Compagnie Crocs en Sc\u00e8ne Reims 51100  <img src=\"http:\/\/www.junobeach.org\/wp-content\/uploads\/2017\/10\/DSC01237.jpg\" alt=\"rencontre vimy\" align=\"right\"> Bonjour femme c\u00e9libataire de 68 ans cherche rencontre amicale GF : Trente-cinq nationalit\u00e9s ont \u00e9t\u00e9 engag\u00e9es dans ce conflit meurtrier et toutes ont finalement perdu. Quand un conflit provoque autant de morts, il ny a pas de vainqueurs ou de vaincus, il y a des morts et des familles qui les pleurent. Les jardins de la paix ambitionnent de cr\u00e9er autant de jardins quil y a finalement eu de nationalit\u00e9s engag\u00e9es, pour quensemble elles puissent dire aussi aujourdhui plus jamais \u00e7a! Cela veut dire que leur nombre est aujourdhui arr\u00eat\u00e9?-Cheveux : Brun noir-178 cm-Statut civil: C\u00e9libataire  je ne ferai pas plus long au plaisir de se lire et Enfin, derni\u00e8re information, nous pr\u00e9voyons \u00e9galement de r\u00e9organiser des tournois internes! Pour le moment, nous pensons au dimanche 22 octobre 2017. Comme dhabitude, nous ne manquerons pas de vous en dire plus! Alliance de sympathie et de comp\u00e9tence! Je recommande vivement! Lien Permanent pour cet article : http:www.vimy-badminton-club.frconvocation-championnat-departemental-2016 Vous \u00eates naturellement de tous les jurys des concours que vous lancez, sauriez-vous r\u00e9aliser un Jardin de la Paix? Save your favorite articles to read offline, sync your reading lists across devices and customize your reading experience with the official Wikipedia app. La CGT lance une campagne de mobilisation nationale pour le retrait du projet de loi et a appelle \u00e0 la mobilisation pour lavenir de la fonction publique. Ce graphique et son commentaire sont extraits de larticle de Michel Bozon et Fran\u00e7ois H\u00e9ran, Population, 1, 1988, p. 121-150, republi\u00e9 dans louvrage cit\u00e9 plus bas. Du 14 au 15 mai, Crit\u00e9rium double dArras, inscription jusquau 8 mai. Tr\u00e8s bon accueil de Monsieur FOULON toujours disponible et \u00e0 l\u00e9coute de nos demandes. Je vous recommande fortement Monsieur FOULON pour vos prochaines transactions immobili\u00e8res <img src=\"http:\/\/static.webshopapp.com\/shops\/039401\/files\/060650494\/clignotant-de-rechange.jpg\" alt=\"rencontre vimy\" align=\"right\"> Un grand merci pour votre ecoute. Vous avez su me rassurer et apporter des reponses a mes question. Un match arr\u00eat\u00e9 faute de joueurs sur le terrain, cest tr\u00e8s rare en championnat national. Mais un pr\u00e9c\u00e9dent s\u00e9tait produit le 13 septembre 2015 lors dun match de CFA. Deux joueurs locaux avaient \u00e9t\u00e9 expuls\u00e9 en premi\u00e8re p\u00e9riode, ce qui avait amen\u00e9 lentra\u00eeneur \u00e0 effectuer ses trois changements pour remodeler son \u00e9quipe, men\u00e9e au score 1-0. Celui-ci se d\u00e9roulera le vendredi 20 mars 2020, \u00e0 la salle habituel de Vimy, d\u00e8s 19h30. Le d\u00e9roulement du tournoi se fera en double exclusivement. Annonce : Mari\u00e9e mal bais\u00e9e cherche 5 \u00e0 7 pour aujourdhui, nous pouvons nous donner rendez-vous dans une endroit tranquille et discret pour me sauter plusieurs fois. Mes amants adorent mon cul et mes seins, je peux mhabiller en salope \u00e0 votre guise pour les plans Q : tenue sexy body en dentelle d\u00e9couvrant les \u00e9paules, il.. Salut moi je mappelle Laurine. Je ne te connais pas, mais je me permets de te souhaiter une bonne ann\u00e9e 2016, m\u00eame si \u00e0 lheure o\u00f9 tu \u00e9couteras ce message, lann\u00e9e sera peut-\u00eatre d\u00e9j\u00e0 bien entam\u00e9e. <img src=\"http:\/\/photos1.blogger.com\/blogger\/5280\/4105\/1600\/P1010004.jpg\" alt=\"rencontre vimy\" align=\"center\"> Bonjour j habite Valenciennes, je mesure 1m75 pour 88 kg, je ne suis donc pas mince du tout, jai les yeux verts gris, des lunettes, les cheveux ch\u00e2tains au carr\u00e9 avec des m\u00e8ches color\u00e9es au gr\u00e9 de mes envies. Vimy-Rencontres-Rencontre en ligne-Petites annonces gratuites Je mappel Isma\u00ebl je suis sinc\u00e8re, g\u00e9n\u00e9reux et simple. .<\/p>\n","protected":false},"excerpt":{"rendered":"<p>rencontre vimy<\/p>\n","protected":false},"author":1,"featured_media":0,"comment_status":"closed","ping_status":"closed","sticky":false,"template":"","format":"standard","meta":[],"categories":[1],"tags":[],"_links":{"self":[{"href":"http:\/\/prontointernational.org\/img\/wp-json\/wp\/v2\/posts\/1116"}],"collection":[{"href":"http:\/\/prontointernational.org\/img\/wp-json\/wp\/v2\/posts"}],"about":[{"href":"http:\/\/prontointernational.org\/img\/wp-json\/wp\/v2\/types\/post"}],"author":[{"embeddable":true,"href":"http:\/\/prontointernational.org\/img\/wp-json\/wp\/v2\/users\/1"}],"replies":[{"embeddable":true,"href":"http:\/\/prontointernational.org\/img\/wp-json\/wp\/v2\/comments?post=1116"}],"version-history":[{"count":1,"href":"http:\/\/prontointernational.org\/img\/wp-json\/wp\/v2\/posts\/1116\/revisions"}],"predecessor-version":[{"id":1117,"href":"http:\/\/prontointernational.org\/img\/wp-json\/wp\/v2\/posts\/1116\/revisions\/1117"}],"wp:attachment":[{"href":"http:\/\/prontointernational.org\/img\/wp-json\/wp\/v2\/media?parent=1116"}],"wp:term":[{"taxonomy":"category","embeddable":true,"href":"http:\/\/prontointernational.org\/img\/wp-json\/wp\/v2\/categories?post=1116"},{"taxonomy":"post_tag","embeddable":true,"href":"http:\/\/prontointernational.org\/img\/wp-json\/wp\/v2\/tags?post=1116"}],"curies":[{"name":"wp","href":"https:\/\/api.w.org\/{rel}","templated":true}]}}