{"id":1200,"date":"2020-09-20T03:59:01","date_gmt":"2020-09-20T03:59:01","guid":{"rendered":"http:\/\/prontointernational.org\/img\/?p=1200"},"modified":"2020-09-19T14:13:38","modified_gmt":"2020-09-19T14:13:38","slug":"rencontre-musulmane-rif","status":"publish","type":"post","link":"http:\/\/prontointernational.org\/img\/2020\/09\/20\/rencontre-musulmane-rif\/","title":{"rendered":"Rencontre Musulmane Rif"},"content":{"rendered":"<p>En cliquant sur Continuer \u00e0 lire ici et en vous assurant que vous \u00eates la seule personne \u00e0 consulter Le Monde avec ce compte. <img src=\"http:\/\/cdn-direct-editeurs.adtechnos.fr\/parutions\/6f\/6fbe7e9aa9986d4be5079748c8b6d5c0.jpg\" alt=\"rencontre musulmane rif\" align=\"center\"> Cet atelier permet dappr\u00e9hender les discours et les repr\u00e9sentations des acteurs politiques du Maghreb et du Moyen-Orient contemporain.  la r\u00e9action de Yassine Belattar apr\u00e8s avoir insult\u00e9 le peuple rifain. Ainsi se boucle la r\u00e9ponse \u00e0 Quest-ce que \u00e7a veut dire, identit\u00e9? : cela ne veut rien dire, hors contexte, pas plus que le sentiment dappartenance. La ronde des interventions a recadr\u00e9 la v\u00e9ritable interrogation : Quelles sont vos diff\u00e9rentes identifications, selon quelles circonstances?. Diff\u00e9rentes circonstances appellent diff\u00e9rentes r\u00e9ponses, non pour dissimuler une identit\u00e9 difficile mais pour r\u00e9adapter un h\u00e9ritage \u00e0 un monde relationnel quil va falloir \u00e9difier. La mosqu\u00e9e espagnole, ou paroisse musulmane Vous cherchez \u00e0 faire la rencontre qui changera votre vie? Venez d\u00e9couvrir le premier site de rencontre entre c\u00e9libataires Musulmans, Musulmanes, Maghrebins, Maghr\u00e9bines et des amoureux du Maghreb sur Internet Mektoube.fr regroupe plus de 3 000 000 c\u00e9libataires Musulmans ou non Musulmans \u00e0 la recherche dune rencontre s\u00e9rieuse.  Libert\u00e9, communaut\u00e9 et religion en milieu hispano-marocain Rencontre avec Jean Marcou, professeur \u00e0 Sciences Po Grenoble. Il y dirige le master Int\u00e9gration et mutations en M\u00e9diterran\u00e9e et au Moyen-Orient. Auteur, entre autres, de Vingt ans de changements en Turquie, 1992-2012 Paris, lHarmattan, Istanbul, Universit\u00e9 de Galatasaray, 2013 avec F\u00fcsun T\u00fcrkmen dir. Et de La Turquie \u00e0 lheure de lEurope Presses universitaires de Grenoble, 2008 avec Jean-Paul Burdy. Guillaume Perrier, journaliste et auteur. Il a couvert lactualit\u00e9 turque pour le Monde de 2004 \u00e0 2014 et continue \u00e0 travailler sur la Turquie depuis. Il est lauteur de La Turquie et le Fant\u00f4me arm\u00e9nien avec Laure Marchand, 2013 et du film Erdo\u011fan, livresse du pouvoir Arte 2016. Son dernier livre Dans la t\u00eate de Recep Tayyip Erdogan vient de sortir aux \u00e9ditions Solin Actes Sud. D\u00e9cembre, du leader de gauche Omar Benjelloun par un Cest la monarchie de: Cest une ch\u00e8vre m\u00eame si elle vole. Dorra Mahfoudh Draoui, Fatima Mernissi 1945-2015 : la lutte pour un f\u00e9minisme sans tutelle, Nouvelles Questions F\u00e9ministes 20162 vol 35, pp. 154-155 Vous pouvez lire Le Monde sur un seul appareil \u00e0 la fois Continuer \u00e0 lire ici <img src=\"http:\/\/lescheminsdumaroc.l.e.pic.centerblog.net\/o\/ac88c27e.jpg\" alt=\"rencontre musulmane rif\" align=\"right\"> Oui tu as raison cest la faute de lAlg\u00e9rie de l islam des arabes Myst\u00e9rieuse chauve-souris. Pourquoi elle a fascin\u00e9 toutes les civilisations. Jallais dans les grandes mosqu\u00e9es apr\u00e8s les pri\u00e8res du vendredi et je distribuais des cartes pour lapplication, dit-il. Cest lendroit id\u00e9al pour les maghr\u00e9bins amazighophones et arabophones qui cherchent \u00e0 faire une rencontre en vue dun mariage dans les r\u00e8gles ou tout simplement tisser des liens damiti\u00e9. Le spectacle de Selman Reda, jou\u00e9 d\u00e9but f\u00e9vrier dans un coll\u00e8ge marseillais, remonte aux pr\u00e9mices du livre sacr\u00e9., n\u00e9 le 5 mars 1979 \u00e0, joueur de football international marocain ayant grandi en. <img src=\"http:\/\/www.mode-shop.fr\/images\/produits\/75\/chemise-Noisy-May-17356914-2.jpg\" alt=\"rencontre musulmane rif\" align=\"right\"> En octobre, le roi a re\u00e7u les conclusions de la deuxi\u00e8me enqu\u00eate sur le projet Al-Hoce\u00efma Manarat al-Moutawassit, qui a confirm\u00e9 lexistence de plusieurs dysfonctionnements enregistr\u00e9s sous le pr\u00e9c\u00e9dent gouvernement, plusieurs secteurs minist\u00e9riels et \u00e9tablissements publics nayant pas honor\u00e9 leurs engagements dans la mise en \u0153uvre des projets et les explications quils ont fournies ne justifient pas le retard qua connu lex\u00e9cution de ce programme de d\u00e9veloppement. Laudit men\u00e9 par la Cour des comptes na en revanche pas conclu \u00e0 lexistence de malversations ni de d\u00e9tournements. Nebudeme tolerova\u0165 \u017eiadne nere\u0161pektovanie, ak\u00fdko\u013evek profil hl\u00e1sen\u00fd z d\u00f4vodu poru\u0161enia regul\u00e1cie m\u00f4\u017ee ma\u0165 pozastaven\u00fd pr\u00edstup k jeho \u00fa\u010dtu.  Bonsoir Cali. Attention labus de muscadet peut donner des hallucinations. Non je ne suis pas Flying mais jappr\u00e9cie souvent ses commentaires argument\u00e9s et document\u00e9s. Laissez le donc caracoler et argumentez si vous n\u00eates pas daccord avec lui. Bonne soir\u00e9e. R\u00e9publique fran\u00e7aise document officiel Covid-19.<\/p>\n","protected":false},"excerpt":{"rendered":"<p>rencontre musulmane rif<\/p>\n","protected":false},"author":1,"featured_media":0,"comment_status":"closed","ping_status":"closed","sticky":false,"template":"","format":"standard","meta":[],"categories":[1],"tags":[],"_links":{"self":[{"href":"http:\/\/prontointernational.org\/img\/wp-json\/wp\/v2\/posts\/1200"}],"collection":[{"href":"http:\/\/prontointernational.org\/img\/wp-json\/wp\/v2\/posts"}],"about":[{"href":"http:\/\/prontointernational.org\/img\/wp-json\/wp\/v2\/types\/post"}],"author":[{"embeddable":true,"href":"http:\/\/prontointernational.org\/img\/wp-json\/wp\/v2\/users\/1"}],"replies":[{"embeddable":true,"href":"http:\/\/prontointernational.org\/img\/wp-json\/wp\/v2\/comments?post=1200"}],"version-history":[{"count":1,"href":"http:\/\/prontointernational.org\/img\/wp-json\/wp\/v2\/posts\/1200\/revisions"}],"predecessor-version":[{"id":1201,"href":"http:\/\/prontointernational.org\/img\/wp-json\/wp\/v2\/posts\/1200\/revisions\/1201"}],"wp:attachment":[{"href":"http:\/\/prontointernational.org\/img\/wp-json\/wp\/v2\/media?parent=1200"}],"wp:term":[{"taxonomy":"category","embeddable":true,"href":"http:\/\/prontointernational.org\/img\/wp-json\/wp\/v2\/categories?post=1200"},{"taxonomy":"post_tag","embeddable":true,"href":"http:\/\/prontointernational.org\/img\/wp-json\/wp\/v2\/tags?post=1200"}],"curies":[{"name":"wp","href":"https:\/\/api.w.org\/{rel}","templated":true}]}}