{"id":5685,"date":"2020-10-02T18:31:39","date_gmt":"2020-10-02T18:31:39","guid":{"rendered":"http:\/\/prontointernational.org\/img\/?p=5685"},"modified":"2020-09-24T22:32:51","modified_gmt":"2020-09-24T22:32:51","slug":"rencontre-beni-mellal-maroc","status":"publish","type":"post","link":"http:\/\/prontointernational.org\/img\/2020\/10\/02\/rencontre-beni-mellal-maroc\/","title":{"rendered":"Rencontre Beni Mellal Maroc"},"content":{"rendered":"<p>Campus Tour au Maroc : lUnion europ\u00e9enne \u00e0 la rencontre des jeunes en r\u00e9gion-Moucharaka Mouwatina Les cascades dOuzoud, non loin des gorges de lOued El Abid B\u00e9ni Mellal-Khenifra : locations de vacances et logements-Maroc Airbnb Cette rencontre vient apr\u00e8s une longue absence de la Botola Pro, qui est maintenant en quatri\u00e8me tour sans que le Raja de Casablanca joue encore aucun match.. Le tour du Maroc du bin\u00f4me Mehdi Tazi et Chakib Alj se poursuit. Apr\u00e8s F\u00e8s, les deux candidats \u00e0 la pr\u00e9sidence de la Conf\u00e9d\u00e9ration g\u00e9n\u00e9rale des Entreprises du Maroc CGEM, se sont rendus \u00e0 Settat et \u00e0 El Jadida pour rencontrer les op\u00e9rateurs \u00e9conomiques et les membres de la section r\u00e9gionale de la Conf\u00e9d\u00e9ration. Beni Mellal : Que visiter-S\u00e9lection de sites \u00e0 visiter  Apr\u00e8s ces belles rencontres, nous sommes oblig\u00e9s de poursuivre, car encore 3 heures de route nous s\u00e9parent dImilchil. Nous faisons donc nos aux revoirs et promettons de revenir pour une prochaine aventure <img src=\"http:\/\/www.beni-mellal.info\/wp-content\/uploads\/2013\/07\/1.jpg\" alt=\"rencontre beni mellal maroc\" align=\"right\"> 4 Susan Ossman, dans son ethnographie de Casablanca, rapporte dune interlocutrice : les filles qui Les inscriptions au concours dacc\u00e8s aux classes de pr\u00e9paration du Brevet technique sup\u00e9rieur.. Ecole Nationale de Commerce et de Gestion ENCG <img src=\"http:\/\/cities.reseaudesvilles.fr\/cities\/119\/images\/esta2inlgrpglhe.JPG\" alt=\"rencontre beni mellal maroc\" align=\"right\"> Lancien nom de B\u00e9ni Mellal est Dai, nom dune petite rivi\u00e8re qui coule dans les environs de la ville. La participation marocaine est encadr\u00e9e, \u00e0 travers la Maison de lArtisan, par le minist\u00e8re de lArtisanat et de lEconomie sociale et solidaire, qui accompagne les entreprises marocaines dans la prospection du march\u00e9 am\u00e9ricain, pour une meilleure promotion du produit et de limage du Royaume.  En cliquant sur Sinscrire, vous confirmez que vous acceptez lesqui vous informe des modalit\u00e9s de traitement de vos donn\u00e9es personnelles ainsi que de vos droits sur ces donn\u00e9es. De la Logistique et de lEau. Tous droits r\u00e9serv\u00e9s.-Lapproche de la soci\u00e9t\u00e9 marocaine : regard \u00e9tranger? Regard endog\u00e8ne?  <img src=\"http:\/\/maroc-canada.ca\/wp-content\/uploads\/2013\/06\/DSC_8764-150x150.jpg\" alt=\"rencontre beni mellal maroc\" align=\"center\">.<\/p>\n","protected":false},"excerpt":{"rendered":"<p>rencontre beni mellal maroc<\/p>\n","protected":false},"author":1,"featured_media":0,"comment_status":"closed","ping_status":"closed","sticky":false,"template":"","format":"standard","meta":[],"categories":[1],"tags":[],"_links":{"self":[{"href":"http:\/\/prontointernational.org\/img\/wp-json\/wp\/v2\/posts\/5685"}],"collection":[{"href":"http:\/\/prontointernational.org\/img\/wp-json\/wp\/v2\/posts"}],"about":[{"href":"http:\/\/prontointernational.org\/img\/wp-json\/wp\/v2\/types\/post"}],"author":[{"embeddable":true,"href":"http:\/\/prontointernational.org\/img\/wp-json\/wp\/v2\/users\/1"}],"replies":[{"embeddable":true,"href":"http:\/\/prontointernational.org\/img\/wp-json\/wp\/v2\/comments?post=5685"}],"version-history":[{"count":1,"href":"http:\/\/prontointernational.org\/img\/wp-json\/wp\/v2\/posts\/5685\/revisions"}],"predecessor-version":[{"id":5686,"href":"http:\/\/prontointernational.org\/img\/wp-json\/wp\/v2\/posts\/5685\/revisions\/5686"}],"wp:attachment":[{"href":"http:\/\/prontointernational.org\/img\/wp-json\/wp\/v2\/media?parent=5685"}],"wp:term":[{"taxonomy":"category","embeddable":true,"href":"http:\/\/prontointernational.org\/img\/wp-json\/wp\/v2\/categories?post=5685"},{"taxonomy":"post_tag","embeddable":true,"href":"http:\/\/prontointernational.org\/img\/wp-json\/wp\/v2\/tags?post=5685"}],"curies":[{"name":"wp","href":"https:\/\/api.w.org\/{rel}","templated":true}]}}