{"id":5719,"date":"2020-10-02T22:28:47","date_gmt":"2020-10-02T22:28:47","guid":{"rendered":"http:\/\/prontointernational.org\/img\/?p=5719"},"modified":"2020-09-24T23:32:13","modified_gmt":"2020-09-24T23:32:13","slug":"rencontre-banon","status":"publish","type":"post","link":"http:\/\/prontointernational.org\/img\/2020\/10\/02\/rencontre-banon\/","title":{"rendered":"Rencontre Banon"},"content":{"rendered":"<p>Sp\u00e9cialiste du recrutement pour les m\u00e9tiers du tertiaire Paroles de croyants est la nouvelle s\u00e9rie du site internet du Monde des Religions qui sint\u00e9resse \u00e0 celles et ceux qui vivent leur foi intens\u00e9ment tout en demeurant ancr\u00e9s dans le monde moderne. Cette semaine, Olivier, catholique de 24 ans.  Je minstalle prochainement sur Toulon, et jaimerai d\u00e9couvrir la r\u00e9gion. La Maison Blanche a annonc\u00e9 s\u00e8chement vendredi le d\u00e9part de Steve Bannon, l\u00e9minence grise du pr\u00e9sident Trump. Un nouveau d\u00e9part dans une administration d\u00e9cim\u00e9e. <img src=\"http:\/\/www.lepoint.fr\/images\/2011\/09\/23\/dsk-banon-399042-jpg_262883_660x281.JPG\" alt=\"rencontre banon\" align=\"left\"> Banon : Au Bleuet Alg\u00e9rie, une m\u00e9moire qui ne passe pas Thomas Lippens a \u00e9tudi\u00e9 le tambourin \u00e0 Naples et a int\u00e9gr\u00e9 cet instrument dans diff\u00e9rents projets de musiques traditionnelles dans le sud de la France, mais aussi au sein de la Kreiz Breiz Acad\u00e9mie en Bretagne avec Erik Marchand. Des groupes de paroles-Caf\u00e9 Papotes le lundi matin-Caf\u00e9 Parents-Narcotiques Anonymes Le constructeur automobile japonais Honda a confirm\u00e9 mercredi avoir \u00e9t\u00e9 victime dune cyberattaque ayant forc\u00e9 ses usines de sarr\u00eater en Inde et au Br\u00e9sil..-Cheveux : Brun-167 cm-Statut civil: Divorc\u00e9-Silhouette : Quelques kilos en trop Le samedi 8 d\u00e9cembre \u00e0 18h30, sera Aux Vins au Vert \u00e0 Banon, pour une rencontre anim\u00e9e par Evelyne De Martinis et lecture dextraits par Sofie Terrade-Maurel. En partenariat avec lassociation Par Sons et par Mots et la librairie La Carline de Forcalquier.  A loccasion de la parution en octobre prochain du livre La nouvelle France protestante, essor et recomposition au XXIe si\u00e8cle, Labor et Fides auquel contribuent 22 auteurs et qui dresse un portrait vaste et inattendu de cette minorit\u00e9 chr\u00e9tienne quest le protestantisme, entretien avec Jean-Paul Willaime, co-directeur de louvrage et professeur \u00e0 lEcole Pratique des Hautes Etudes \u00e0 Paris. Ce rituel existe depuis plus dun an dans cet \u00e9tablissement sans histoire. La principale a voulu ainsi mieux utiliser la pause de la mi-journ\u00e9e. Au d\u00e9part, certains \u00e9taient septiques de reprendre lid\u00e9e venue dun lyc\u00e9e dIstanbul en Turquie. Quand jai vu que les enfants y prenaient du plaisir, je me suis dit que c\u00e9tait gagn\u00e9 raconte Marianne Lew, la principale. Votre agence de NICE MARCHE GARE est temporairement ferm\u00e9e Cest un atelier gratuit, propos\u00e9 par deux b\u00e9n\u00e9vole qui accompagnent une vingtaine denfants, de 6 \u00e0 12 ans, dans lapprentissage des techniques de couture, broderie et tricot et dans la r\u00e9alisation des travaux choisis. Le mat\u00e9riel est fourni par lassociation. <img src=\"http:\/\/www.hauteprovenceinfo.com\/photos\/maxi\/2251.jpg\" alt=\"rencontre banon\" align=\"right\"> <img src=\"http:\/\/photos.gammvert.fr\/magazine\/1806\/variete.jpg\" alt=\"rencontre banon\" align=\"center\"> A linvitation du Bleuet \u00e0 Banon Alpes-de-Haute-Provence et des Libraires du Sud f\u00e9d\u00e9rant 60 librairies, \u00e9tait re\u00e7u le 9 novembre Lyonel Trouillot, un tr\u00e8s grand auteur francophone pour son dernier roman Ne mappelle pas Capitaine. Le dernier ouvrage du philosophe propose au lecteur une suite de chroniques incisives et brillantes sur quelques-uns des th\u00e8mes majeurs de la r\u00e9flexion actuelle. Mis \u00e0 part un appel amical qui a dur\u00e9 une minute, nous navons pas eu de contact direct avec Steve Bannon, fait aussi savoir J\u00f6rg Meuthen, porte-parole et t\u00eate de liste de lAlternative pour lAllemagne pour les europ\u00e9ennes. Lunification des forces eurosceptiques ne peut se faire que de lint\u00e9rieur. Le parti dextr\u00eame droite Vlaams Belang, qui a pourtant fait venir Steve Bannon en d\u00e9cembre \u00e0 Bruxelles, dans le cadre dun meeting du Mouvement pour une Europe des nations et des libert\u00e9s, assure \u00e9galement navoir aucun lien direct avec The Movement lui-m\u00eame. Chez FIDERIM ANNECY BTP-TRANSPORT le recrutement est une affaire de rencontres. A votre \u00e9coute, notre \u00e9quipe vous accompagne vers le poste qui vous.. Lespace Libre-Service Bancaire et le distributeur externe restent disponibles durant cette p\u00e9riode Comme lan dernier, chaque jour, apr\u00e8s lheure du d\u00e9jeuner, tous les \u00e9l\u00e8ves et le personnel du coll\u00e8ge de Banon Alpes-de-Haute-Provence se mettent \u00e0 lire dans le silence. Un rituel qui rend tout le monde plus paisible. DSK : lavocat de Banon rencontre celui de Nafissatou Diallo-Elle  La conversation commence de mani\u00e8re anodine puis on en arrive aux choses s\u00e9rieuses : le financement. Retrouvez les belles images de TF1 sur le pays de Giono, et \u00e0 03:47 celles du Bleuet. \ufe0f.<\/p>\n","protected":false},"excerpt":{"rendered":"<p>rencontre banon<\/p>\n","protected":false},"author":1,"featured_media":0,"comment_status":"closed","ping_status":"closed","sticky":false,"template":"","format":"standard","meta":[],"categories":[1],"tags":[],"_links":{"self":[{"href":"http:\/\/prontointernational.org\/img\/wp-json\/wp\/v2\/posts\/5719"}],"collection":[{"href":"http:\/\/prontointernational.org\/img\/wp-json\/wp\/v2\/posts"}],"about":[{"href":"http:\/\/prontointernational.org\/img\/wp-json\/wp\/v2\/types\/post"}],"author":[{"embeddable":true,"href":"http:\/\/prontointernational.org\/img\/wp-json\/wp\/v2\/users\/1"}],"replies":[{"embeddable":true,"href":"http:\/\/prontointernational.org\/img\/wp-json\/wp\/v2\/comments?post=5719"}],"version-history":[{"count":1,"href":"http:\/\/prontointernational.org\/img\/wp-json\/wp\/v2\/posts\/5719\/revisions"}],"predecessor-version":[{"id":5720,"href":"http:\/\/prontointernational.org\/img\/wp-json\/wp\/v2\/posts\/5719\/revisions\/5720"}],"wp:attachment":[{"href":"http:\/\/prontointernational.org\/img\/wp-json\/wp\/v2\/media?parent=5719"}],"wp:term":[{"taxonomy":"category","embeddable":true,"href":"http:\/\/prontointernational.org\/img\/wp-json\/wp\/v2\/categories?post=5719"},{"taxonomy":"post_tag","embeddable":true,"href":"http:\/\/prontointernational.org\/img\/wp-json\/wp\/v2\/tags?post=5719"}],"curies":[{"name":"wp","href":"https:\/\/api.w.org\/{rel}","templated":true}]}}