{"id":5793,"date":"2020-10-02T18:58:05","date_gmt":"2020-10-02T18:58:05","guid":{"rendered":"http:\/\/prontointernational.org\/img\/?p=5793"},"modified":"2020-09-25T01:56:46","modified_gmt":"2020-09-25T01:56:46","slug":"rencontre-evran","status":"publish","type":"post","link":"http:\/\/prontointernational.org\/img\/2020\/10\/02\/rencontre-evran\/","title":{"rendered":"Rencontre Evran"},"content":{"rendered":"<p>Soutiens moi en faisant un petit don! je fais \u00e7a gratuitement : <img src=\"http:\/\/2.bp.blogspot.com\/-3yuK5Gt4reo\/TZtrFgH6rsI\/AAAAAAAAAaM\/U2Vsd9LYaCQ\/s1600\/AAECPEVRAN_110402_07.JPG\" alt=\"rencontre evran\" align=\"left\"> Le connecteur de charge est un \u00e9l\u00e9ment essentiel du mobile puisquil assure le chargement de la batterie ainsi que le transfert des donn\u00e9es vers un ordinateur. Les probl\u00e8mes les plus courants pour ce connecteur sont les soudures cass\u00e9es, le chargeur coinc\u00e9 dans le connecteur du Smartphone et les pattes manquantes du connecteur-Cheveux : Noir-183 cm-Statut civil: C\u00e9libataire <img src=\"http:\/\/www.emilano.com\/api\/Uploads\/1367220377310_01.jpg\" alt=\"rencontre evran\" align=\"right\"> Maxime \u00e9voque pour finir la diff\u00e9rence quil devrait y avoir entre sant\u00e9 et m\u00e9decine : si le but de la m\u00e9decine est de remettre les gens au travail le plus vite possible, en effet, cette m\u00e9decine normalis\u00e9e et de masse est efficace Mais si cest la sant\u00e9, cest une tout autre histoire, qui demanderait une forme plus \u00e9labor\u00e9e d\u00e9ducation \u00e0 une m\u00e9decine plus populaire et dattention \u00e0 son propre corps de la part de chacun Pierre Tremblay et Louise Poissant, op Cit, p 10. R\u00e9f\u00e9rence \u00e0 larticle dIzabella Pruska-Oldenhof, Chaos or the Polyphonic Vision of Artistic Imagination, in Louise Poissant dir, Prolif\u00e9rations des \u00e9crans, Presses de lUniversit\u00e9 du Qu\u00e9bec, Canada, 2008, p 325-343.  les ann\u00e9es malheureuses de 1792, 1793 et suivantes, les habitants de Tr\u00e9fumel  Une belle \u00c2me, un Regard franc, une Amiti\u00e9 sinc\u00e8re ou un Amour \u00e9ternel.. Je sais, faut que jarr\u00eate les Disney :p de Nancy. Ils fond\u00e8rent de concert un h\u00f4pital dans cette derni\u00e8re ville. En poursuivant votre navigation sans modifier vos param\u00e8tres de t\u00e9moins de connexion, vous acceptez lutilisation des cookies. Pour consulter nos mentions l\u00e9gales et notre politique de confidentialit\u00e9, allez sur. <img src=\"http:\/\/worldnews.actuality-cnn.com\/wp-content\/uploads\/2017\/07\/CNN-Paris-Emmanuel-Macron-Donald-Trump-World-News-Actuality-Presented-By-Claire-Evren-10-1.jpg\" alt=\"rencontre evran\" align=\"right\"> Saint-Juvat. Parmi eux \u00e9taient MM. Regeard, mort recteur de Saint-Thual  2 UL, \u00eele du Saulcy, UFR SHS-Metz, B.P. 30309, 57050 METZ Cedex-France StructId : 226789 Un petit-d\u00e9jeuner continental est servi tous les matins sur place. Pour reprendre le contr\u00f4le de votre \u00e9cran, mais permettre \u00e0 lautre personne de continuer \u00e0 le voir, cliquez sur dans la barre des menus, puis choisissez Autoriser nom \u00e0 prendre le contr\u00f4le de mon \u00e9cran pour d\u00e9cocher la case. Jean-marie Amoros, attach\u00e9 de presse depuis 25 ans \u00e0 Paris a suivi son \u00e9pouse dans le Sud de la France il y a peu. Je suis cin\u00e9phile, jai m\u00eame cr\u00e9\u00e9 un site Internet sur le cin\u00e9ma. Je suis disponible en ce moment, alors jai mis mon temps libre et mes comp\u00e9tences au service de lassociation. Jean-marie assure donc la communication du festival et a pris place au sein du Jury damateurs. \u00c0 mi-parcours du festival il a visionn\u00e9 une bonne trentaine de films. Tous les sujets sont forts et tous les traitements diff\u00e9rents. Tous abordent des probl\u00e8mes politiques o\u00f9 soci\u00e9taux dont les point de vues varient, fait remarquer le cin\u00e9phile. Cest la premi\u00e8re fois que je participe \u00e0 un jury. \u00c0 \u00c9cran libre, amateurs et professionnels d\u00e9lib\u00e8rent chacun de leur c\u00f4t\u00e9, pr\u00e9cise-t-il. Et de faire remarquer, je pense que cest mieux, nous avons forc\u00e9ment un regard diff\u00e9rent. Cet avis est lopinion subjective dun membre de TripAdvisor et non de TripAdvisor LLC.<\/p>\n","protected":false},"excerpt":{"rendered":"<p>rencontre evran<\/p>\n","protected":false},"author":1,"featured_media":0,"comment_status":"closed","ping_status":"closed","sticky":false,"template":"","format":"standard","meta":[],"categories":[1],"tags":[],"_links":{"self":[{"href":"http:\/\/prontointernational.org\/img\/wp-json\/wp\/v2\/posts\/5793"}],"collection":[{"href":"http:\/\/prontointernational.org\/img\/wp-json\/wp\/v2\/posts"}],"about":[{"href":"http:\/\/prontointernational.org\/img\/wp-json\/wp\/v2\/types\/post"}],"author":[{"embeddable":true,"href":"http:\/\/prontointernational.org\/img\/wp-json\/wp\/v2\/users\/1"}],"replies":[{"embeddable":true,"href":"http:\/\/prontointernational.org\/img\/wp-json\/wp\/v2\/comments?post=5793"}],"version-history":[{"count":1,"href":"http:\/\/prontointernational.org\/img\/wp-json\/wp\/v2\/posts\/5793\/revisions"}],"predecessor-version":[{"id":5794,"href":"http:\/\/prontointernational.org\/img\/wp-json\/wp\/v2\/posts\/5793\/revisions\/5794"}],"wp:attachment":[{"href":"http:\/\/prontointernational.org\/img\/wp-json\/wp\/v2\/media?parent=5793"}],"wp:term":[{"taxonomy":"category","embeddable":true,"href":"http:\/\/prontointernational.org\/img\/wp-json\/wp\/v2\/categories?post=5793"},{"taxonomy":"post_tag","embeddable":true,"href":"http:\/\/prontointernational.org\/img\/wp-json\/wp\/v2\/tags?post=5793"}],"curies":[{"name":"wp","href":"https:\/\/api.w.org\/{rel}","templated":true}]}}