{"id":5967,"date":"2020-10-02T18:36:35","date_gmt":"2020-10-02T18:36:35","guid":{"rendered":"http:\/\/prontointernational.org\/img\/?p=5967"},"modified":"2020-09-25T07:53:43","modified_gmt":"2020-09-25T07:53:43","slug":"rencontre-seyssel","status":"publish","type":"post","link":"http:\/\/prontointernational.org\/img\/2020\/10\/02\/rencontre-seyssel\/","title":{"rendered":"Rencontre Seyssel"},"content":{"rendered":"<p>MINI COMEDIES Sortir \u00e0 CRAN GEVRIER dans la Haute Savoie  Georges Ier dAmboise: Une figure plurielle de la Renaissance. 1460-1510 Femmes c\u00e9libataires de Seyssel 74 pour rencontre sinc\u00e8re et durable Nous sommes \u00e9galement contraints de lannuler. Vous avez d\u00fb re\u00e7evoir par mail des infos pour le remboursement. Dans la lutte de pouvoir sur la cit\u00e9 de Gen\u00e8ve entre les et les, le pape d\u00e9l\u00e8gue \u00e0 larchev\u00eaque m\u00e9tropolitain de Vienne, Pierre, la charge de r\u00e9gler le conflit. Le conflit se r\u00e8gle lors dun sign\u00e9 \u00e0 en 1124,,. Bonjour Nous cherchons une actrice pour un clip musical qui sera tourn\u00e9 \u00e0 Gen\u00e8ve au courant du mois de Juillet si Dieu le veut. Profil : Une fille \u00e2g\u00e9e entre 18-23 ans qui sera la protagoniste principale&#8230; Ils recrutent Suisse Gen\u00e8ve 1208 Modifi\u00e9 le 130620 Au cours de cette p\u00e9riode f\u00e9odale, le pouvoir des seigneurs la\u00efcs est suffisamment important pour que ceux-ci interviennent dans les affaires eccl\u00e9siastiques, notamment \u00e0 travers les nominations. Pour Gen\u00e8ve, la cit\u00e9 accueille non seulement le si\u00e8ge dun \u00e9v\u00each\u00e9 mais aussi le pouvoir comtal. Le territoire du premier \u00e9tant l\u00e9g\u00e8rement plus important que celui du. Tr\u00e9sor du langage des gal\u00e8res: Dictionnaire exhaustif, avec une introduction..-Jan Fennis-Google Books Chaque semaine, la Ruche vous donne rendez-vous dans votre quartier. Venez retirer votre commande et rencontrer les Producteurs.-Cheveux : Brun-180 cm-Statut civil: C\u00e9libataire Les benjamines ont remport\u00e9 une nouvelle victoire au BCPA Alby. <img src=\"http:\/\/www.geoforum.fr\/uploads\/monthly_2018_04\/Maquette-Affiche-Seyssel-2018.jpg.4686a7683bb0aaf5f211c85099d1f287.jpg\" alt=\"rencontre seyssel\" align=\"right\"> Annonce : Coucou messieurs, nouvelle arrivante ici, je suis esth\u00e9ticienne \u00e0 domicile \u00e7a va faire deux ans bient\u00f4t. Mon statut sentimental na rien dexceptionnelle jai un mari mais je souhaite vivre des nouvelles exp\u00e9riences, si je me suis inscrite sur ce site de rencontres cest pour d\u00e9goter des rencarts avec des personnes.. Bonjour, je mappelle Sophie. Jai 30 ans. Je passe par ce site car je suis un peu timide. En ce moment, mon d\u00e9sir est de rencontrer un homme avec qui tisser une belle relation tendre.  <img src=\"http:\/\/media.sit.savoie-mont-blanc.com\/original\/339486\/0-4475695.jpg\" alt=\"rencontre seyssel\" align=\"center\"> De 35 \u00e0 45 m, certaines dot\u00e9es de terrasse id\u00e9al pour appr\u00e9cier la nature ou bien prendre votre petit-d\u00e9jeuner.  <img src=\"http:\/\/www.cartesfrance.fr\/carte-france-ville\/photo-hotel.php?&#038;photo=http%3A%2F%2Fq-xx.bstatic.com%2Fimages%2Fhotel%2Fmax500%2F791%2F79152996.jpg\" alt=\"rencontre seyssel\" align=\"left\"> un homme de 49 ans habitant Seyssel, je recherche une femme \u00e0 rencontrer.<\/p>\n","protected":false},"excerpt":{"rendered":"<p>rencontre seyssel<\/p>\n","protected":false},"author":1,"featured_media":0,"comment_status":"closed","ping_status":"closed","sticky":false,"template":"","format":"standard","meta":[],"categories":[1],"tags":[],"_links":{"self":[{"href":"http:\/\/prontointernational.org\/img\/wp-json\/wp\/v2\/posts\/5967"}],"collection":[{"href":"http:\/\/prontointernational.org\/img\/wp-json\/wp\/v2\/posts"}],"about":[{"href":"http:\/\/prontointernational.org\/img\/wp-json\/wp\/v2\/types\/post"}],"author":[{"embeddable":true,"href":"http:\/\/prontointernational.org\/img\/wp-json\/wp\/v2\/users\/1"}],"replies":[{"embeddable":true,"href":"http:\/\/prontointernational.org\/img\/wp-json\/wp\/v2\/comments?post=5967"}],"version-history":[{"count":1,"href":"http:\/\/prontointernational.org\/img\/wp-json\/wp\/v2\/posts\/5967\/revisions"}],"predecessor-version":[{"id":5968,"href":"http:\/\/prontointernational.org\/img\/wp-json\/wp\/v2\/posts\/5967\/revisions\/5968"}],"wp:attachment":[{"href":"http:\/\/prontointernational.org\/img\/wp-json\/wp\/v2\/media?parent=5967"}],"wp:term":[{"taxonomy":"category","embeddable":true,"href":"http:\/\/prontointernational.org\/img\/wp-json\/wp\/v2\/categories?post=5967"},{"taxonomy":"post_tag","embeddable":true,"href":"http:\/\/prontointernational.org\/img\/wp-json\/wp\/v2\/tags?post=5967"}],"curies":[{"name":"wp","href":"https:\/\/api.w.org\/{rel}","templated":true}]}}