{"id":6105,"date":"2020-10-03T01:42:02","date_gmt":"2020-10-03T01:42:02","guid":{"rendered":"http:\/\/prontointernational.org\/img\/?p=6105"},"modified":"2020-09-25T16:10:14","modified_gmt":"2020-09-25T16:10:14","slug":"rencontres-parents-ecole-2","status":"publish","type":"post","link":"http:\/\/prontointernational.org\/img\/2020\/10\/03\/rencontres-parents-ecole-2\/","title":{"rendered":"Rencontres Parents Ecole"},"content":{"rendered":"<p>Pour autant, la distanciation sociale devra \u00eatre respect\u00e9e \u00e0 bord des trains  Livret scolaire et carnet de suivi des apprentissages <img src=\"http:\/\/cache.media.education.gouv.fr\/image\/Federer_pour_reussir\/08\/1\/ouvrir_ecole_parents_446081.jpg\" alt=\"rencontres parents ecole\" align=\"center\"> Plus que des me\u0301thodes e\u0301ducatives, des recettes, ce dont a besoin lenfant cest damour et de tendresse, de\u0301coute bienveillante. Participer a\u0300 la formation et a\u0300 laccompagnement des partenaires de le\u0301ducation et du secteur sanitaire et social: formations the\u0301matiques, analyse de pratique  Int\u00e9grez une Grande Ecole reconnue en France et dans le monde : Triple accr\u00e9dit\u00e9e EQUIS, AACSB et AMBA, membre de la Conf\u00e9rence des Grandes Ecoles, class\u00e9e \u00e0 la Information des parents \u00e0 l\u00e9cole primaire \u00e9l\u00e9mentaire et maternelle  Nous supposons que vous avez aim\u00e9 cette pr\u00e9sentation. Afin de la t\u00e9l\u00e9charger, recommandez-la \u00e0 vos amis dans un r\u00e9seau social. Les boutons se trouvent ci-dessous Merci. Les r\u00e9unions dinformation sur les projets pr\u00e9vus dans le cadre du projet d\u00e9cole ou d\u00e9tablissement : elles sont organis\u00e9es pour vous inclure dans les projets auxquels votre enfant prendra part sorties scolaires, r\u00e9am\u00e9nagements des espaces collectifs, etc. Les documents devront \u00eatre d\u00e9pos\u00e9s dans les cartons se trouvant sur une table, devant laccueil du b\u00e2timent B. Jai fait une longue introspection pour comprendre ce qui nallait pas dans ma t\u00eate. Au bout dun moment, dans le ciel gris de mon \u00e2me, jai aper\u00e7u une petite lumi\u00e8re bleue. C\u00e9tait lespoir. Mme LABRE CE1 : mardi 18122018 de 16h30 \u00e0 18h30. <img src=\"http:\/\/www.csja.fr\/scolaire\/images\/ecole\/photo-rub-ecole2.jpg\" alt=\"rencontres parents ecole\" align=\"left\"> Int\u00e9gr\u00e9e au r\u00e9seau de la F\u00e9d\u00e9ration Nationale des \u00c9coles des Parents et des \u00c9ducateurs FNEPE, l\u00c9cole des parents et des \u00e9ducateurs de Haute Corse vise principalement trois objectifs : <img src=\"http:\/\/www.educarennes.fr\/index.php\/static\/classeur\/1037-cd0b64ccea\/163127-2ae53651dc.jpg\" alt=\"rencontres parents ecole\" align=\"right\"> Les stages ne sont pas supprim\u00e9s. Cependant ils seffectuent, sils sont possibles. Si vous avez la possibilit\u00e9 de le faire, et cela est d\u00e9pendant de votre entreprise daccueil. La situation sanitaire \u00e9tant complexe, nous comprenons que tous les \u00e9tudiants ne seront pas en mesure de trouver un stage dans ces conditions. Si vous effectuez un stage plus court, ou si vous nen effectuez pas, cela nemp\u00eachera pas la validation de votre dipl\u00f4me. Mon stage est annul\u00e9 par lentreprise : cela me p\u00e9nalisera-t-il? En l\u00e9tat actuel des choses, nous ne sommes pas autoris\u00e9s \u00e0 valider la venue d\u00e9tudiants pour ce cas, au moins jusquau 2 juin. Nous avons pr\u00e9vu une organisation pour accueillir des \u00e9tudiants \u00e0 compter du 2 juin dans les conditions sanitaires requises, mais cela sera soumis \u00e0 la confirmation des autorit\u00e9s. Cependant, les modes de relation d\u00e9velopp\u00e9s avec les familles \u00e0 l\u00e9cole Decroly peuvent faire lobjet de transpositions et rien ninterdit de penser que ce qui est jug\u00e9 bon aupr\u00e8s de ces familles ne le serait pas aussi dans dautres contextes sociaux, et en particulier aupr\u00e8s de familles plus \u00e9loign\u00e9es du monde de l\u00e9cole. Articles reli\u00e9s.<\/p>\n","protected":false},"excerpt":{"rendered":"<p>rencontres parents ecole<\/p>\n","protected":false},"author":1,"featured_media":0,"comment_status":"closed","ping_status":"closed","sticky":false,"template":"","format":"standard","meta":[],"categories":[1],"tags":[],"_links":{"self":[{"href":"http:\/\/prontointernational.org\/img\/wp-json\/wp\/v2\/posts\/6105"}],"collection":[{"href":"http:\/\/prontointernational.org\/img\/wp-json\/wp\/v2\/posts"}],"about":[{"href":"http:\/\/prontointernational.org\/img\/wp-json\/wp\/v2\/types\/post"}],"author":[{"embeddable":true,"href":"http:\/\/prontointernational.org\/img\/wp-json\/wp\/v2\/users\/1"}],"replies":[{"embeddable":true,"href":"http:\/\/prontointernational.org\/img\/wp-json\/wp\/v2\/comments?post=6105"}],"version-history":[{"count":1,"href":"http:\/\/prontointernational.org\/img\/wp-json\/wp\/v2\/posts\/6105\/revisions"}],"predecessor-version":[{"id":6106,"href":"http:\/\/prontointernational.org\/img\/wp-json\/wp\/v2\/posts\/6105\/revisions\/6106"}],"wp:attachment":[{"href":"http:\/\/prontointernational.org\/img\/wp-json\/wp\/v2\/media?parent=6105"}],"wp:term":[{"taxonomy":"category","embeddable":true,"href":"http:\/\/prontointernational.org\/img\/wp-json\/wp\/v2\/categories?post=6105"},{"taxonomy":"post_tag","embeddable":true,"href":"http:\/\/prontointernational.org\/img\/wp-json\/wp\/v2\/tags?post=6105"}],"curies":[{"name":"wp","href":"https:\/\/api.w.org\/{rel}","templated":true}]}}