{"id":6149,"date":"2020-10-03T00:29:00","date_gmt":"2020-10-03T00:29:00","guid":{"rendered":"http:\/\/prontointernational.org\/img\/?p=6149"},"modified":"2020-09-25T17:28:32","modified_gmt":"2020-09-25T17:28:32","slug":"rencontre-associative-jeunesse-sartrouville-2","status":"publish","type":"post","link":"http:\/\/prontointernational.org\/img\/2020\/10\/03\/rencontre-associative-jeunesse-sartrouville-2\/","title":{"rendered":"Rencontre Associative Jeunesse Sartrouville"},"content":{"rendered":"<p>Dans notre article du mois de janvier dernier, nous faisions \u00e9tat de la rencontre d\u00e9changes interg\u00e9n\u00e9rationnels organis\u00e9e, dans le cadre de notre partenariat avec les AGEFOS, par la Couveuse des Yvelines pour les Entrepreneurs \u00e0 lEssai EAE \u00e2g\u00e9s de moins de 30 ans et de plus de 50 ans, sur la th\u00e9matique : comment am\u00e9liorer loffre de collectifs de la Couveuse des Yvelines. La p\u00e9riode des comm\u00e9morations, fid\u00e8le \u00e0 ces rdv de m\u00e9moire qui sont dune actualit\u00e9 br\u00fblante : 29 avril pour honorer les victimes de la d\u00e9portation, 8 mai pour larmistice de la 2e guerre mondiale. Interview des \u00e9l\u00e8ves du Lyc\u00e9e Evariste Galois de Sartrouville Journ\u00e9eDeLEurope Th\u00e9\u00e2tre de Sartrouville et des YvelinesCentre dramatique national  <img src=\"http:\/\/happiness.fordstorecredit.com\/uploads\/articles\/a_la_une\/recadrage\/classique_logo-Isource.jpg\" alt=\"rencontre associative jeunesse sartrouville\" align=\"left\"> Le Grand Prix 2018 des Bonnes Nouvelles des Territoires, organis\u00e9 par la Fondation MMA des Entrepreneurs du Futur, est lanc\u00e9 et les inscriptions ouvertes.  UN SECTEUR ASSOCIATIF RICHE ET DIVERS, DONT LA PLACE DOIT ETRE RECONNUE ACTYV est une association interm\u00e9diaire qui accompagne les personnes en difficult\u00e9, inscrites \u00e0 P\u00f4le emploi, vers un retour en emploi durable, par linterm\u00e9diaire de mises \u00e0 disposition chez ses clients associations, particuliers, entreprises et collectivit\u00e9s. R\u00e9forme des rythmes scolaires Projet Educatif de territoire d Evecquemont Analyse des questionnaires d \u00e9valuation parents et enfants Juin 2015 A Du PEDT au comit\u00e9 de suivi et d \u00e9valuation de la r\u00e9forme Dautres personnes ont \u00e9galement recherch\u00e9 :&#8212;&#8211; action se d\u00e9veloppe principalement en direction des personnes Jai tout le mat\u00e9riel de jardinage n\u00e9cessaire, taille haie, tron\u00e7onneuse, scarificateur, coupe bordure.. Je pr\u00eate volontiers  LIVRET DE RENTR\u00c9E QUIMPER ATELIERS ENFANTS-ADULTES Activit\u00e9s culturelles, musicales ou sportives, \u00e0 chacune ses loisirs! SAISON 2014-2015 Forum de rentr\u00e9e Le jeudi 4 septembre 2014 14h00-18h00 Activit\u00e9s You must have JavaScript enabled in your browser to utilize the functionality of this website. Venez assister \u00e0 La Soir\u00e9e inter-entreprises, \u00e9v\u00e9nement incontournable, qui se d\u00e9roulera le mardi 26 Novembre 2019 \u00e0 partir de 19 heuresau Forum Armand Peugeot \u00e0 Poissy. <img src=\"http:\/\/www.between.mixedrealitywaves.com\/templates\/bienPhoto\/7934\/photo-5-a.jpg\" alt=\"rencontre associative jeunesse sartrouville\" align=\"right\"> <img src=\"http:\/\/catalogue.gazette-drouot.com\/images\/perso\/full\/LOT\/266\/86879\/128.jpg\" alt=\"rencontre associative jeunesse sartrouville\" align=\"left\"> entrepreneurs avec la remise des prix nationaux 2013. Par ailleurs en, \u00e0 la suite de lexpulsion dun au Crous de, elle soutient la cause des 1000 de Cachan. Elle d\u00e9fend en, aux c\u00f4t\u00e9s de notamment, les familles africaines de la \u00e0 et, en, les sans-papiers de la. Ces r\u00e9unions GRATUITES sont organis\u00e9es les lundis matin, alternativement au nord et au sud du d\u00e9partement. Il est possible \u00e9galement de r\u00e9server lespace G\u00e9rard-Philipe. Dans la limite des cr\u00e9neaux disponibles pas de fa\u00e7on spectaculaire, le concours Talents des Cit\u00e9s est une SERVICE DES SPORTS RDC B\u00e2timent Aile droite au croisement de l Avenue de France et de la rue Alice Domon et L\u00e9onie Duquet 01 57 27 79 60 sportuniv-paris-diderot.fr ou www.univ-paris-diderot.fr Rubrique La F\u00e9d\u00e9ration luth\u00e9rienne mondiale en anglais Lutheran World Federation est une association mondiale d\u00c9glises luth\u00e9riennes. Elle est actuellement pr\u00e9sid\u00e9e par Munib Younan, \u00e9v\u00eaque pr\u00e9sident de l\u00c9glise \u00e9vang\u00e9lique luth\u00e9rienne de Jordanie et de Terre Sainte.<\/p>\n","protected":false},"excerpt":{"rendered":"<p>rencontre associative jeunesse sartrouville<\/p>\n","protected":false},"author":1,"featured_media":0,"comment_status":"closed","ping_status":"closed","sticky":false,"template":"","format":"standard","meta":[],"categories":[1],"tags":[],"_links":{"self":[{"href":"http:\/\/prontointernational.org\/img\/wp-json\/wp\/v2\/posts\/6149"}],"collection":[{"href":"http:\/\/prontointernational.org\/img\/wp-json\/wp\/v2\/posts"}],"about":[{"href":"http:\/\/prontointernational.org\/img\/wp-json\/wp\/v2\/types\/post"}],"author":[{"embeddable":true,"href":"http:\/\/prontointernational.org\/img\/wp-json\/wp\/v2\/users\/1"}],"replies":[{"embeddable":true,"href":"http:\/\/prontointernational.org\/img\/wp-json\/wp\/v2\/comments?post=6149"}],"version-history":[{"count":1,"href":"http:\/\/prontointernational.org\/img\/wp-json\/wp\/v2\/posts\/6149\/revisions"}],"predecessor-version":[{"id":6150,"href":"http:\/\/prontointernational.org\/img\/wp-json\/wp\/v2\/posts\/6149\/revisions\/6150"}],"wp:attachment":[{"href":"http:\/\/prontointernational.org\/img\/wp-json\/wp\/v2\/media?parent=6149"}],"wp:term":[{"taxonomy":"category","embeddable":true,"href":"http:\/\/prontointernational.org\/img\/wp-json\/wp\/v2\/categories?post=6149"},{"taxonomy":"post_tag","embeddable":true,"href":"http:\/\/prontointernational.org\/img\/wp-json\/wp\/v2\/tags?post=6149"}],"curies":[{"name":"wp","href":"https:\/\/api.w.org\/{rel}","templated":true}]}}