{"id":6465,"date":"2020-10-04T23:28:34","date_gmt":"2020-10-04T23:28:34","guid":{"rendered":"http:\/\/prontointernational.org\/img\/?p=6465"},"modified":"2020-09-26T02:43:18","modified_gmt":"2020-09-26T02:43:18","slug":"marine-le-pen-rencontre-melenchon-2","status":"publish","type":"post","link":"http:\/\/prontointernational.org\/img\/2020\/10\/04\/marine-le-pen-rencontre-melenchon-2\/","title":{"rendered":"Marine Le Pen Rencontre Melenchon"},"content":{"rendered":"<p> Lanc\u00eatre sappelait Sarrasin mais il \u0117tait probablement respectueux de lorthographe du fran\u00e7ais cvs, sur data.gouv.fr consult\u00e9 le 23 mars 2008. Dans son programme \u00e9conomique, elle renouvelle sa promesse faite en 2012 de revaloriser de 200 euros les salaires allant jusqu\u00e0 1,4 fois le SMIC. Efficacit\u00e9 et Transparence des Acteurs Europ\u00e9ens 1999-2018. Atlanti Culture Un am\u00e9ricain bien tranquille de Graham Greene : une fable universelle accepter que l\u00e9quilibre social se paie par la mort de la libert\u00e9? Quelle <img src=\"http:\/\/cdn-europe1.new2.ladmedia.fr\/var\/europe1\/storage\/images\/europe1\/politique\/comment-expliquer-la-dynamique-melenchon-3214253\/38533979-1-fre-FR\/Comment-expliquer-la-dynamique-Melenchon.gif\" alt=\"marine le pen rencontre melenchon\" align=\"left\"> 1 Retrouver notre libert\u00e9 et la ma\u00eetrise de notre destin en restituant au peuple donc voyons ce qui sest pass\u00e9 en 2002 en ce qui concerne les instituts de sondage!!-Jean-Luc M\u00e9lenchon: La campagne a \u00e9t\u00e9 pollu\u00e9e par les affaires de certains  Dans les derni\u00e8res semaines de campagne, Marine Le Pen voit les intentions de vote en sa faveur chuter, ce qui la conduit \u00e0 recentrer son discours sur la lutte contre limmigration et lins\u00e9curit\u00e9. Comme mon premier post a \u00e9t\u00e9 censur\u00e9, je vais donc \u00e9pur\u00e9 mon propos concernant ces 2 g\u00e9n\u00e9alogies pr\u00e9sent\u00e9es : lune est assez compl\u00e8te avec des cartes de l\u00e9tranger, et lautre avec uniquement une carte de France alors quil est \u00e9crit:C\u00f4t\u00e9 maternel, les racines sont plus vari\u00e9es et s\u00e9talent sur trois r\u00e9gions fran\u00e7aises et deux autres pays on ne parle pas du tout de ces deux autres pays-les 2 personnalit\u00e9s concern\u00e9es doivent-elles donner leur consentement? et,,, 19 mars 2010. Consult\u00e9 le 17 avril 2010. Maxence Lambrecq,, sur.fr, 5 janvier 2017 consult\u00e9 le 6 janvier 2017. M Le Pen utilise beaucoup la mauvaise image de Mme Parisot mais sans vraiment dire ce quelle lui reproche. A creuser? Adrien S\u00e9n\u00e9cat,, sur lemonde.fr, 24 octobre 2019 consult\u00e9 le 24 octobre 2019. Le leader de la France Insoumise doit sexprimer aujourdhui sur son vote du second tour, via sa cha\u00eene Youtube. En 1983, elle accompagne son p\u00e8re pendant quelques jours lors de la campagne quil m\u00e8ne pour les dans le, afin de se rapprocher de celui-ci, qui vit souvent \u00e9loign\u00e9 de ses filles. Elle d\u00e9crit cet \u00e9pisode comme un choc,,. <img src=\"http:\/\/www.toutelatele.com\/IMG\/arton89859.jpg\" alt=\"marine le pen rencontre melenchon\" align=\"right\">, sur www.planet.fr consult\u00e9 le 24 octobre 2015.  Malgr\u00e9 toutes les divergences que lon pouvait avoir avec Jacques Chirac, il aura \u00e9t\u00e9 un grand amoureux de lOutre-mer et le Pr\u00e9sident capable de sopposer \u00e0 la folie de la guerre en Irak, renouant avec la traditionnelle position d\u00e9quilibre et de diplomatie de la France. MLP Marine Le Pen MLP_officiel <img src=\"http:\/\/www.lavie.fr\/images\/2017\/04\/13\/81459_jean-luc-melenchon-presidentielle-meeting-marseille-rameau-olivier.jpg\" alt=\"marine le pen rencontre melenchon\" align=\"center\">.<\/p>\n","protected":false},"excerpt":{"rendered":"<p>marine le pen rencontre melenchon<\/p>\n","protected":false},"author":1,"featured_media":0,"comment_status":"closed","ping_status":"closed","sticky":false,"template":"","format":"standard","meta":[],"categories":[1],"tags":[],"_links":{"self":[{"href":"http:\/\/prontointernational.org\/img\/wp-json\/wp\/v2\/posts\/6465"}],"collection":[{"href":"http:\/\/prontointernational.org\/img\/wp-json\/wp\/v2\/posts"}],"about":[{"href":"http:\/\/prontointernational.org\/img\/wp-json\/wp\/v2\/types\/post"}],"author":[{"embeddable":true,"href":"http:\/\/prontointernational.org\/img\/wp-json\/wp\/v2\/users\/1"}],"replies":[{"embeddable":true,"href":"http:\/\/prontointernational.org\/img\/wp-json\/wp\/v2\/comments?post=6465"}],"version-history":[{"count":1,"href":"http:\/\/prontointernational.org\/img\/wp-json\/wp\/v2\/posts\/6465\/revisions"}],"predecessor-version":[{"id":6466,"href":"http:\/\/prontointernational.org\/img\/wp-json\/wp\/v2\/posts\/6465\/revisions\/6466"}],"wp:attachment":[{"href":"http:\/\/prontointernational.org\/img\/wp-json\/wp\/v2\/media?parent=6465"}],"wp:term":[{"taxonomy":"category","embeddable":true,"href":"http:\/\/prontointernational.org\/img\/wp-json\/wp\/v2\/categories?post=6465"},{"taxonomy":"post_tag","embeddable":true,"href":"http:\/\/prontointernational.org\/img\/wp-json\/wp\/v2\/tags?post=6465"}],"curies":[{"name":"wp","href":"https:\/\/api.w.org\/{rel}","templated":true}]}}