{"id":650,"date":"2020-09-19T20:51:34","date_gmt":"2020-09-19T20:51:34","guid":{"rendered":"http:\/\/prontointernational.org\/img\/?p=650"},"modified":"2020-09-18T22:57:05","modified_gmt":"2020-09-18T22:57:05","slug":"rencontre-furet-du-nord-lille","status":"publish","type":"post","link":"http:\/\/prontointernational.org\/img\/2020\/09\/19\/rencontre-furet-du-nord-lille\/","title":{"rendered":"Rencontre Furet Du Nord Lille"},"content":{"rendered":"<p>On en sait plus, sur lindividu qui aurait pouss\u00e9 un gendarme \u00e0 laccident \u00e0 Verquin Lhomme.. Prenez 1 minute pour vous inscrire et boostez votre activit\u00e9 en rejoignant la communaut\u00e9 Ecommercemag.fr!  Iris Mittenaere utilise les r\u00e9seaux sociaux pour communiquer avec ses fans et poster r\u00e9guli\u00e8rement des photos de sa vie personnelle ou de placements de produits. En 2020, dans le cadre confinement impos\u00e9 en France du fait de la, elle annule tous ses projets, dont le tournage de la saison 5 de et ses repr\u00e9sentations au. Cependant, pour divertir ses abonn\u00e9s pendant cette p\u00e9riode, elle propose des directs sur de fa\u00e7on quasi-quotidienne. Le jeudi 20 novembre \u00e0 20h30 et le vendredi 21 novembre \u00e0 15h. Et C.R.A.C sera pr\u00e9sent\u00e9 \u00e9galement le 15 juillet \u00e0 Aubusson, dans le cadre du Festival des arts dans la rue, \u00e0 19h. On vous attend nombreux! Faouzia Allienne, d\u00e9l\u00e9gu\u00e9e g\u00e9n\u00e9rale : direction clubdelapressenpdc.fr Histoires comme \u00e7a Bellac Haute-Vienne, 87, \u00e0 15h30 <img src=\"http:\/\/losgarcia.com.ar\/wp-content\/uploads\/president-directeur.png\" alt=\"rencontre furet du nord lille\" align=\"left\"> Pryl Pr\u00e9sentation dune \u00e9tape de travail-Festival les Extravagants, Le Prato, P\u00f4le national des arts du cirque, Lille Nord-59 Et pour cause. Ce mod\u00e8le, le r\u00e9seau de librairies du Furet du Nord le joue \u00e0 plein depuis 4 ans. Visit\u00e9 lors du salon VAD Conext de Lille, la librairie situ\u00e9e sur la Grand-Place lilloise, vaisseau amiral du groupe 35 \u00e0 40 du CA de lenseigne y est r\u00e9alis\u00e9, multiplie les passerelles entre ses 16 points de vente physique et son site. Feliway a r\u00e9alis\u00e9 une vid\u00e9o qui explique facilement les causes les plus courantes et a regroup\u00e9 les solutions qui r\u00e9soudront 80 des cas. Si vous narrivez pas \u00e0 bout des pipis intempestifs, consulter un v\u00e9terinaire. La sant\u00e9 de votre chat rencontre peut-\u00eatre un probl\u00e8me et il naura trouv\u00e9 que cette solution pour vous le faire comprendre. <img src=\"http:\/\/www.lacontreallee.com\/sites\/default\/files\/fichiers\/LETSMOTIVnovembre2011.jpg\" alt=\"rencontre furet du nord lille\" align=\"left\"> dindiquer ci-dessous lidentifiant personnel qui vous a Histoires comme \u00e7a Centre social de La Bastide \u00e0 Limoges 87, \u00e0 15h <img src=\"http:\/\/rampok.org\/img\/fc1b0f6b994d2bef09636b598d3ac6ed.jpg\" alt=\"rencontre furet du nord lille\" align=\"left\">-tournages et montages avec quelques surprises \u00e0 venir sur notre page FB.. 2020 Read Il \u00e9tait une fois..analyse juridique des contes de f\u00e9es-Nouveaut\u00e9 Toutes les images contenues sur ce site sont la propri\u00e9t\u00e9 de Whoozone. Reproduction Partielle ou Totale est interdite sauf Accord \u00e9crit. En lien avec notre spectacle Pryl, un clown en coulisse, Thomas Dardenne, sera \u00e0 Bellac pour deux jours d action culturelle :   Pryl, un proph\u00e8te \u00e0 la rue Festival en lair-Centre culturel Brabant Wallon, Court St-Etienne-Belgique, \u00e0 20h.<\/p>\n","protected":false},"excerpt":{"rendered":"<p>rencontre furet du nord lille<\/p>\n","protected":false},"author":1,"featured_media":0,"comment_status":"closed","ping_status":"closed","sticky":false,"template":"","format":"standard","meta":[],"categories":[1],"tags":[],"_links":{"self":[{"href":"http:\/\/prontointernational.org\/img\/wp-json\/wp\/v2\/posts\/650"}],"collection":[{"href":"http:\/\/prontointernational.org\/img\/wp-json\/wp\/v2\/posts"}],"about":[{"href":"http:\/\/prontointernational.org\/img\/wp-json\/wp\/v2\/types\/post"}],"author":[{"embeddable":true,"href":"http:\/\/prontointernational.org\/img\/wp-json\/wp\/v2\/users\/1"}],"replies":[{"embeddable":true,"href":"http:\/\/prontointernational.org\/img\/wp-json\/wp\/v2\/comments?post=650"}],"version-history":[{"count":1,"href":"http:\/\/prontointernational.org\/img\/wp-json\/wp\/v2\/posts\/650\/revisions"}],"predecessor-version":[{"id":651,"href":"http:\/\/prontointernational.org\/img\/wp-json\/wp\/v2\/posts\/650\/revisions\/651"}],"wp:attachment":[{"href":"http:\/\/prontointernational.org\/img\/wp-json\/wp\/v2\/media?parent=650"}],"wp:term":[{"taxonomy":"category","embeddable":true,"href":"http:\/\/prontointernational.org\/img\/wp-json\/wp\/v2\/categories?post=650"},{"taxonomy":"post_tag","embeddable":true,"href":"http:\/\/prontointernational.org\/img\/wp-json\/wp\/v2\/tags?post=650"}],"curies":[{"name":"wp","href":"https:\/\/api.w.org\/{rel}","templated":true}]}}