{"id":712,"date":"2020-09-19T21:55:24","date_gmt":"2020-09-19T21:55:24","guid":{"rendered":"http:\/\/prontointernational.org\/img\/?p=712"},"modified":"2020-09-19T00:21:59","modified_gmt":"2020-09-19T00:21:59","slug":"rencontre-nicaragua","status":"publish","type":"post","link":"http:\/\/prontointernational.org\/img\/2020\/09\/19\/rencontre-nicaragua\/","title":{"rendered":"Rencontre Nicaragua"},"content":{"rendered":"<p>Vous pouvez \u00e9galement nous contacter en dehors des jours f\u00e9ri\u00e9s:  Alg\u00e9rie-Nicaragua : Boukadoum re\u00e7oit son homologue nicaraguayen <img src=\"http:\/\/livingprojectretreats.com\/wp-content\/uploads\/2015\/06\/images13.jpeg\" alt=\"rencontre nicaragua\" align=\"right\"> Audience publique tenue le vendredi 15 octobre 2010, \u00e0 15 heures, au Palais de la Paix, sous la pr\u00e9sidence de M. Owada, pr\u00e9sident, en laffaire du Diff\u00e9rend territorial et maritime Nicaragua c. Colombie-Requ\u00eate du Costa Rica \u00e0 fin dintervention Depuis de nombreuses ann\u00e9es, la Casa Nica soutient chaque ann\u00e9e une 50ne d\u00e9tudiantes et d\u00e9tudiants au Nicaragua par des bourses d\u00e9tudes mensuelles. Playa Santo Domingo avec en arri\u00e8re-plan le volcan Concepci\u00f3n. Lorsquelle se l\u00e8ve le matin, Vilma N\u00fa\u00f1ez de Escorcia pense aux nombreuses t\u00e2ches quelle doit Vol au d\u00e9part de Paris sur ligne r\u00e9guli\u00e8re. Les horaires de vol vous seront communiqu\u00e9s au moment de linscription. PRESENTATION DU COSTA RICA Consultez un fournisseur de soins de sant\u00e9 ou visitez une clinique sant\u00e9-voyage de pr\u00e9f\u00e9rence six semaines avant votre d\u00e9part. Les animaux sont pr\u00e9sents tout le temps, partout, pour petits quils soient, ils sont toujours magnifiques. Prenez des guides locaux pour quils vous enseignent le pistage et la reconnaissances des esp\u00e8ces tropicales. <img src=\"http:\/\/detourlocal.com\/wp-content\/uploads\/2014\/10\/deco_nicanica-600x423.png\" alt=\"rencontre nicaragua\" align=\"left\"> la consolidation des relations entre les deux nations et entre les Le 18 avril 2018 a \u00e9clat\u00e9 au Nicaragua un conflit social et politique qui ne semble pas trouver dissue. Ce 18 avril, sur recommandation du Fonds mon\u00e9taire international FMI, le gouvernement a annonc\u00e9 un projet de r\u00e9forme des retraites qui pr\u00e9voit la hausse des cotisations ainsi que la diminution des pensions de 5. Cette annonce a provoqu\u00e9 dans les principales villes des manifestations initi\u00e9es par des \u00e9tudiants. Quatre jours plus tard, Daniel Ortega, sous la pression de la rue, d\u00e9clare renoncer \u00e0 la r\u00e9forme, mais la r\u00e9pression a fait vingt-cinq morts en cinq jours. Le 23 avril, des dizaines de milliers de personnes, salari\u00e9s, \u00e9tudiants, paysans et entrepreneurs, ont manifest\u00e9 \u00e0 Managua, capitale du pays, pour d\u00e9noncer cette r\u00e9pression. La s\u00e9rie Alack Sinner na\u00eet en 1975 de la rencontre de deux Argentins exil\u00e9s : le dessinateur Jos\u00e9 Mu\u00f1oz et le sc\u00e9nariste Carlos Sampayo. Les aventures de lancien flic devenu d\u00e9tective sont publi\u00e9es pour la premi\u00e8re fois en Italie dans le mensuel Linus, et en France dans Charlie Mensuel. Il y a quatre ans d\u00e9j\u00e0, une exp\u00e9rience tr\u00e8s forte qui nous a donn\u00e9 envie de retenter lexp\u00e9rience \u00e0 Miraflor. Il est tr\u00e8s important pour nous que vous connaissiez et compreniez les cookies que nous proposons dutiliser pour notre site web et \u00e0 quelles fins. Nous voulons ainsi : Ouahh, cest un guide complet en effet, bravo. On a v\u00e9cu dans les pays voisins, pasau Nicaragua. Mais bon, \u00e0 pr\u00e9voir pour un futur voyage. Philippe La c\u00f4te pacifique, essentiellement Hispanophone, est travers\u00e9e par une importante cordill\u00e8re volcanique, compos\u00e9e de volcans toujours actifs. Elle est parsem\u00e9e de lagunes et cest ici que vous profiterez des deux grands lacs, celui de Managua et du Nicaragua. Sensibiliser des jeunes et leur faire v\u00e9ritablement conna\u00eetre le 13 monde qui est par ailleurs plus proche de 23 que de 13. Les jeunes en sortent en g\u00e9n\u00e9ral ravis et transform\u00e9s. En 16 jours et 15 nuits, les incontournables du Nicaragua, mais aussi des lieux originaux, uniques, et des rencontres! Un s\u00e9jour en 7 temps forts pour des d\u00e9couvertes riches et tr\u00e8s vari\u00e9es une belle immersion! Un parcours vari\u00e9, entre villes coloniales, montagnes, canyons, volcans, lagunes et lacs, sans oublier le Pacifique et un final..  La d\u00e9l\u00e9gation \u00e9conomique du Nicaragua dirig\u00e9e par le ministre des Finances et du Cr\u00e9dit public de ce pays, Iv\u00e1n Acosta, a tenu une rencontre avec le chef de la diplomatie iranienne, Mohammad Javad Zarif. R\u00e9gion et de centraliser ces informations pour vous faciliter lacc\u00e9s aux \u00e9v\u00e9nements sans devoir vous rendre sur plusieurs sites. <img src=\"http:\/\/envol-vert.org\/wp-content\/uploads\/2013\/01\/deforestation-Nica.jpg\" alt=\"rencontre nicaragua\" align=\"center\"> .<\/p>\n","protected":false},"excerpt":{"rendered":"<p>rencontre nicaragua<\/p>\n","protected":false},"author":1,"featured_media":0,"comment_status":"closed","ping_status":"closed","sticky":false,"template":"","format":"standard","meta":[],"categories":[1],"tags":[],"_links":{"self":[{"href":"http:\/\/prontointernational.org\/img\/wp-json\/wp\/v2\/posts\/712"}],"collection":[{"href":"http:\/\/prontointernational.org\/img\/wp-json\/wp\/v2\/posts"}],"about":[{"href":"http:\/\/prontointernational.org\/img\/wp-json\/wp\/v2\/types\/post"}],"author":[{"embeddable":true,"href":"http:\/\/prontointernational.org\/img\/wp-json\/wp\/v2\/users\/1"}],"replies":[{"embeddable":true,"href":"http:\/\/prontointernational.org\/img\/wp-json\/wp\/v2\/comments?post=712"}],"version-history":[{"count":1,"href":"http:\/\/prontointernational.org\/img\/wp-json\/wp\/v2\/posts\/712\/revisions"}],"predecessor-version":[{"id":713,"href":"http:\/\/prontointernational.org\/img\/wp-json\/wp\/v2\/posts\/712\/revisions\/713"}],"wp:attachment":[{"href":"http:\/\/prontointernational.org\/img\/wp-json\/wp\/v2\/media?parent=712"}],"wp:term":[{"taxonomy":"category","embeddable":true,"href":"http:\/\/prontointernational.org\/img\/wp-json\/wp\/v2\/categories?post=712"},{"taxonomy":"post_tag","embeddable":true,"href":"http:\/\/prontointernational.org\/img\/wp-json\/wp\/v2\/tags?post=712"}],"curies":[{"name":"wp","href":"https:\/\/api.w.org\/{rel}","templated":true}]}}