{"id":818,"date":"2020-09-20T03:26:39","date_gmt":"2020-09-20T03:26:39","guid":{"rendered":"http:\/\/prontointernational.org\/img\/?p=818"},"modified":"2020-09-19T02:56:53","modified_gmt":"2020-09-19T02:56:53","slug":"rencontrer-capucine-anav","status":"publish","type":"post","link":"http:\/\/prontointernational.org\/img\/2020\/09\/20\/rencontrer-capucine-anav\/","title":{"rendered":"Rencontrer Capucine Anav"},"content":{"rendered":"<p>Tr\u00e8s bien, tu as rencontr\u00e9 des gamers, tu as pu te faire une opinion. Tu parlais des jeux vid\u00e9o, ce nest pas un milieu qui te correspondait ou en tout cas que tu connaissais tr\u00e8s bien. Tu as jou\u00e9 \u00e0 des jeux, tu as \u00e9t\u00e9 un petit peu gameuse dans ton enfance? Est-ce que tu as jou\u00e9 sur une console, comme beaucoup de monde? Il y a une dizaine de jours \u00e0 peine Capucine Anav confirmait quelle avait fait le choix darr\u00eater Touche pas Deux ans apr\u00e8s son d\u00e9part de l\u00e9quipe de Touche pas \u00e0 mon poste, Capucine Anav se lance un tout nouveau d\u00e9fi. Mardi 9 juillet, la jeune femme fera ses d\u00e9buts dans la nouvelle saison de sur TF1. \u00c0 28 ans, celle qui est d\u00e9sormais com\u00e9dienne peut compter sur le soutien de son compagnon, un certain Alain-Fabien Delon. Ce nest pas pour tout de suite mais cest une id\u00e9e qui reste dans le coin de ma t\u00eate. Je suis concentr\u00e9e sur la com\u00e9die et notamment la deuxi\u00e8me saison de ma web s\u00e9rie En Colloc qui sortira le 7 octobre 2018. Jai \u00e9galement de nouvelles id\u00e9es de productions, que ce soit du cin\u00e9ma ou du documentaire Cette exp\u00e9rience a sans aucun doute ouvert les yeux \u00e0 Capucine Anav, qui a pu se rendre compte des conditions de travail des employ\u00e9s du service public. De leur c\u00f4t\u00e9, la Ville de Reims et Reims M\u00e9tropole esp\u00e8re que le message sera pass\u00e9. Si elle met vraiment en avant ce quest notre m\u00e9tier, \u00e7a ne sera que du bonheur. R\u00e9ponse ce mardi 6 d\u00e9cembre, sur C8. <img src=\"http:\/\/www.lamontagne.fr\/photoSRC\/bqViVeldaWelbKxCPNWs_pusXXdNGltxXD4uu1iw_sR0IkLcazbGupnwlQUaVQo_pWI48f0HY_sxYvETMFwM2diAkJo-_\/2370639.jpeg\" alt=\"rencontrer capucine anav\" align=\"left\"> <img src=\"http:\/\/pbs.twimg.com\/media\/DYVK897XUAMh9zw.jpg\" alt=\"rencontrer capucine anav\" align=\"right\"> 2008. Damien Lenseigne est un homme combl\u00e9. Mari\u00e9 \u00e0 une femme extraordinaire, p\u00e8re de deux superbes enfants en bas \u00e2ge, ce jeune et brillant chirurgien est en passe de devenir chef de service dans son h\u00f4pital. En juin 2016, lanimateur Cyril Hanouna annonce que Capucine deviendra chroniqueuse dans son \u00e9mission Touche pas \u00e0 mon poste, sur D8, \u00e0 la rentr\u00e9e prochaine. Le 5 septembre 2016, Capucine est, donc, de retour \u00e0 la t\u00e9l\u00e9vision au sein de l\u00e9quipe de Cyril Hanouna. Mais elle quitte touche pas a mon poste En juin 2017 Avec les hashtags, comme le fait Cyril avec son \u00e9mission? Diriez-vous que votre participation \u00e0 Je suis une c\u00e9l\u00e9brit\u00e9 : sortez-moi de l\u00e0 a \u00e9t\u00e9 une force? Je souhaite aussi recevoir les bons plans des partenaires du site Joindre lutile \u00e0 lagr\u00e9able. Marl\u00e8ne Schiappa est une m\u00e8re \u00e0 lagenda bien rempli. Pour passer du temps avec ses filles, la secr\u00e9taire d\u00c9tat \u00e0 l\u00e9galit\u00e9 femmes-hommes a une astuce. Jessaie de les faire participer. Sinon, je ne les verrais jamais. Je les fais venir \u00e0 des d\u00e9bats ou des r\u00e9unions quand le sujet sy pr\u00eate, a-t-elle confi\u00e9 \u00e0 Paris Match. Capucine Anav quitte TPMP! Et encore un d\u00e9part du c\u00f4t\u00e9 de Touche pas \u00e0 mon poste. Alors que lon   Capucine Anav, candidate de Beauty Match TFX : avec les participantes nous ne nous faisions pas de cadeaux! tes trop belle tes juste parfaite ne change surtout rien tes juste parfaite comment tu est je taime trop tes la plus grande THE BEST au monde!! 33 Le c\u00f4t\u00e9 sombre du business de la t\u00e9l\u00e9-r\u00e9alit\u00e9-Michael BIZET-Google Books Depuis le 24 septembre 2017, elle pr\u00e9sente E-Sports European League le dimanche en troisi\u00e8me partie de soir\u00e9e sur C8, une comp\u00e9tition o\u00f9 l\u00e9lite des joueurs professionnels et amateurs saffrontent pour d\u00e9crocher le titre de champion.  <img src=\"http:\/\/static.lexpress.fr\/medias_10709\/w_640,h_360,c_fill,g_north\/v1450093585\/le-president-de-la-commission-europeenne-jean-claude-juncker-et-le-premier-ministre-turc-ahmet-davutoglu-lors-d-une-rencontre-a-bruxelles-le-29-novembre-2015_5483388.jpg\" alt=\"rencontrer capucine anav\" align=\"left\">.<\/p>\n","protected":false},"excerpt":{"rendered":"<p>rencontrer capucine anav<\/p>\n","protected":false},"author":1,"featured_media":0,"comment_status":"closed","ping_status":"closed","sticky":false,"template":"","format":"standard","meta":[],"categories":[1],"tags":[],"_links":{"self":[{"href":"http:\/\/prontointernational.org\/img\/wp-json\/wp\/v2\/posts\/818"}],"collection":[{"href":"http:\/\/prontointernational.org\/img\/wp-json\/wp\/v2\/posts"}],"about":[{"href":"http:\/\/prontointernational.org\/img\/wp-json\/wp\/v2\/types\/post"}],"author":[{"embeddable":true,"href":"http:\/\/prontointernational.org\/img\/wp-json\/wp\/v2\/users\/1"}],"replies":[{"embeddable":true,"href":"http:\/\/prontointernational.org\/img\/wp-json\/wp\/v2\/comments?post=818"}],"version-history":[{"count":1,"href":"http:\/\/prontointernational.org\/img\/wp-json\/wp\/v2\/posts\/818\/revisions"}],"predecessor-version":[{"id":819,"href":"http:\/\/prontointernational.org\/img\/wp-json\/wp\/v2\/posts\/818\/revisions\/819"}],"wp:attachment":[{"href":"http:\/\/prontointernational.org\/img\/wp-json\/wp\/v2\/media?parent=818"}],"wp:term":[{"taxonomy":"category","embeddable":true,"href":"http:\/\/prontointernational.org\/img\/wp-json\/wp\/v2\/categories?post=818"},{"taxonomy":"post_tag","embeddable":true,"href":"http:\/\/prontointernational.org\/img\/wp-json\/wp\/v2\/tags?post=818"}],"curies":[{"name":"wp","href":"https:\/\/api.w.org\/{rel}","templated":true}]}}