{"id":850,"date":"2020-09-20T08:18:05","date_gmt":"2020-09-20T08:18:05","guid":{"rendered":"http:\/\/prontointernational.org\/img\/?p=850"},"modified":"2020-09-19T03:59:46","modified_gmt":"2020-09-19T03:59:46","slug":"rencontre-latino-latina","status":"publish","type":"post","link":"http:\/\/prontointernational.org\/img\/2020\/09\/20\/rencontre-latino-latina\/","title":{"rendered":"Rencontre Latino Latina"},"content":{"rendered":"<p>Votre adresse de messagerie ne sera pas publi\u00e9e. Les champs obligatoires sont indiqu\u00e9s avec 15h30-A linitiative des \u00e9tudiant.e.s du master, conf\u00e9rence sur le tango en amphi 5 O\u00f9 trouver des c\u00e9libataires \u00e0 Paris? Dans les bars!  <img src=\"http:\/\/jomaliaband.com\/wp-content\/uploads\/2018\/09\/3098610791_baf96313cf_o-720x621-400x245.jpg\" alt=\"rencontre latino latina\" align=\"left\"> : participa cada a\u00f1o a la recitaci\u00f3n de poemas de autores latino americanos para compartir la historia y emoci\u00f3n a trav\u00e9s del tiempo. Marcela Lagarde : Anthropologue et chercheuse mexicaine, repr\u00e9sentante du f\u00e9minisme latino-am\u00e9ricain. Elle a \u00e9crit nombreux articles et livres sur des \u00e9tudes de genre, f\u00e9minisme, d\u00e9veloppement humain et d\u00e9mocratie, pouvoir et autonomie des femmes, etc. Elle est professeur \u00e0 lUniversit\u00e9 Nationale Autonome du Mexique. Dans sa jeunesse Marcela Lagarde a \u00e9t\u00e9 militante du Parti Communiste. Elle a \u00e9t\u00e9 candidate ind\u00e9pendante du Parti de la R\u00e9volution D\u00e9mocratique PRD et elle a \u00e9t\u00e9 \u00e9lue d\u00e9put\u00e9 au Congr\u00e8s f\u00e9d\u00e9ral mexicain du 2003 au 2006. Pendant sa l\u00e9gislature elle a travaill\u00e9 en faveur des droits des femmes. Elle a fait sien le terme f\u00e9minicide pour d\u00e9crire la situation dans les villes de Juarez et de Mexico ; elle a r\u00e9ussi \u00e0 constituer une Commission sp\u00e9ciale de F\u00e9minicide au Congr\u00e8s pour mener des enqu\u00eates sur lassassinat de femmes \u00e0 la ville de Juarez. Elle a conduit lEnqu\u00eate diagnostique sur la Violence F\u00e9minicide en R\u00e9publique mexicaine, laquelle a conclu que ce fl\u00e9au nappartient pas seulement \u00e0 la ville de Juarez. Elle a fait introduire le crime de f\u00e9minicide au Code p\u00e9nale f\u00e9d\u00e9ral et \u00e0 la Loi g\u00e9n\u00e9rale dAcc\u00e8s des femmes \u00e0 une vie libre de violence, loi qui est en vigueur au Mexique depuis le 2 f\u00e9vrier 2007. Sa th\u00e8se de Doctoral est intitul\u00e9e La captivit\u00e9 des femmes : m\u00e8re-\u00e9pouses, religieuses, prostitu\u00e9es, prisonni\u00e8res et folles. Voir intervention et en PDF Connectez-vous avec votre Nom dUtilisateur ou votre Email Des sites comme ou peuvent \u00eatre une solution si vous allez au P\u00e9rou car ils ont un nombre cons\u00e9quent dutilisateurs p\u00e9ruviens ce qui nest pas le cas de tous les sites qui pr\u00e9tendent couvrir toute lAm\u00e9rique du Sud.Des gros sites internationaux dominent le march\u00e9 comme au Chili donc ou restent des valeurs sures pour le P\u00e9rou. Malgr\u00e9 la propagande dont t\u00e9moigne ces sites, certains sont parfois occup\u00e9s par des femmes qui ont eu des d\u00e9sillusions avec des musulmans en tant que tels et qui semploient par leurs commentaires et r\u00e9cits \u00e0 dissuader celles qui sont tent\u00e9es de faire venir leur habibi dans leur pays. -R\u00e9union \u00e0 Rome du comit\u00e9 du Temporel de lAdministration <img src=\"http:\/\/www.limbo.lu\/wp-content\/uploads\/2018\/04\/15289263_1871335136431954_6302112078993491805_o-1200x592.jpg\" alt=\"rencontre latino latina\" align=\"right\"> : participe chaque ann\u00e9e \u00e0 la r\u00e9citation des po\u00e8mes dauteurs latino-am\u00e9ricaines pour partager lhistoire et l\u00e9motion \u00e0 travers du temps. 0 Votez pour ce message Se connecter Cr\u00e9er un compte Ce site a la particularit\u00e9 de permettre \u00e0 des personnes ne r\u00e9sidant pas dans le m\u00eame pays de pouvoir se rencontrer, et si les premiers contacts ne sont que virtuels, votre amour pourra peut-\u00eatre vous amener \u00e0 vous unir avec la femme de votre vie au Br\u00e9sil. <img src=\"http:\/\/www.latin-singles.com\/images\/victims\/testimonials\/tmonial07.jpg\" alt=\"rencontre latino latina\" align=\"left\"> Inscriptions 20192020 \u00e0 partir du 20 juin 2019: T\u00e9l\u00e9chargez et compl\u00e9tez les et envoyez-les par la poste ou encore en d\u00e9posant un courrier dans notre bo\u00eete aux lettres Maison St-Pierre. Informations par m\u00e9l, contacter \u00e0 : En visitant notre site, vous acceptez nos cookies et notre politique de confidentialit\u00e9. Browser-Sil vous pla\u00eet installer un navigateur moderne Nous vous enverrons un e-mail d\u00e8s que vous pourrez utiliser anibis.ch. Forum : Plurinationalit\u00e9 et diversit\u00e9 culturelle, d\u00e9fis dune coop\u00e9ration d\u00e9mocratique vers le Vivre Bien. Edgardo Lander. Le Royaume-Uni travaille au renversement du gouvernement v\u00e9n\u00e9zu\u00e9lien .<\/p>\n","protected":false},"excerpt":{"rendered":"<p>rencontre latino latina<\/p>\n","protected":false},"author":1,"featured_media":0,"comment_status":"closed","ping_status":"closed","sticky":false,"template":"","format":"standard","meta":[],"categories":[1],"tags":[],"_links":{"self":[{"href":"http:\/\/prontointernational.org\/img\/wp-json\/wp\/v2\/posts\/850"}],"collection":[{"href":"http:\/\/prontointernational.org\/img\/wp-json\/wp\/v2\/posts"}],"about":[{"href":"http:\/\/prontointernational.org\/img\/wp-json\/wp\/v2\/types\/post"}],"author":[{"embeddable":true,"href":"http:\/\/prontointernational.org\/img\/wp-json\/wp\/v2\/users\/1"}],"replies":[{"embeddable":true,"href":"http:\/\/prontointernational.org\/img\/wp-json\/wp\/v2\/comments?post=850"}],"version-history":[{"count":1,"href":"http:\/\/prontointernational.org\/img\/wp-json\/wp\/v2\/posts\/850\/revisions"}],"predecessor-version":[{"id":851,"href":"http:\/\/prontointernational.org\/img\/wp-json\/wp\/v2\/posts\/850\/revisions\/851"}],"wp:attachment":[{"href":"http:\/\/prontointernational.org\/img\/wp-json\/wp\/v2\/media?parent=850"}],"wp:term":[{"taxonomy":"category","embeddable":true,"href":"http:\/\/prontointernational.org\/img\/wp-json\/wp\/v2\/categories?post=850"},{"taxonomy":"post_tag","embeddable":true,"href":"http:\/\/prontointernational.org\/img\/wp-json\/wp\/v2\/tags?post=850"}],"curies":[{"name":"wp","href":"https:\/\/api.w.org\/{rel}","templated":true}]}}