{"id":898,"date":"2020-09-20T03:44:19","date_gmt":"2020-09-20T03:44:19","guid":{"rendered":"http:\/\/prontointernational.org\/img\/?p=898"},"modified":"2020-09-19T05:12:30","modified_gmt":"2020-09-19T05:12:30","slug":"rencontre-gs-cp","status":"publish","type":"post","link":"http:\/\/prontointernational.org\/img\/2020\/09\/20\/rencontre-gs-cp\/","title":{"rendered":"Rencontre Gs Cp"},"content":{"rendered":"<p>Question 20 Selon vous, quels obstacles pourraient-ils y avoir dans la mise en place dune liaison GS-CP? Dans tous les cas, la visi\u00e8re doit \u00eatre d\u00e9sinfect\u00e9e au moins 2 fois par jour et son port ne doit pas dispenser des autres mesures et gestes barri\u00e8res. Faut-il porter un masque lors de la pratique de lEPS?  <img src=\"http:\/\/slideplayer.fr\/4876368\/16\/images\/8\/Ann%C3%A9e+du+passage+au+CP+UNE+ann%C3%A9e+civile%E2%80%A6+mais+sur+DEUX+niveaux+diff%C3%A9rents.+Maternelle.+Ecole+%C3%A9l%C3%A9mentaire.jpg\" alt=\"rencontre gs cp\" align=\"center\"> des \u00e9l\u00e8ves et peuvent \u00eatre propos\u00e9s sur plusieurs niveaux. Premi\u00e8re chose \u00e0 voir avec les enfants : les gestes barri\u00e8res Les personnels infirmiers, comme tous les autres personnels, doivent porter un masque dit grand public en pr\u00e9sence des \u00e9l\u00e8ves. En cas de survenue dun cas possible de Covid-19, l\u00e9l\u00e8ve ou le personnel symptomatique ainsi que linfirmier doivent porter un masque dit grand public dans lattente du retour \u00e0 domicile qui doit se faire le plus rapidement possible. Si linfirmier dispose de masques chirurgicaux, ces derniers peuvent \u00eatre utilis\u00e9s de mani\u00e8re pr\u00e9f\u00e9rentielle. <img src=\"http:\/\/pedagogie.ac-toulouse.fr\/rer-pays-vert\/FILES\/images\/auteurs\/IMG_9616.JPG\" alt=\"rencontre gs cp\" align=\"right\"> Promoteur. Colbertiste, Bruno Le Maire ne la pas toujours \u00e9t\u00e9. En 2016, alors quil se lan\u00e7ait dans la primaire de la droite 2,4, il se distinguait surtout par ses ardeurs lib\u00e9rales : lEtat devait se concentrer sur ses missions r\u00e9galiennes en programmant, sur dix ans, la suppression dun million demplois publics et la disparition progressive de la fonction publique territoriale. Toujours en 2016, Emmanuel Macron se lan\u00e7ait dans la course pr\u00e9sidentielle. Mais avec des accents nettement plus interventionnistes. Dans son livre R\u00e9volution, il pointe la d\u00e9sindustrialisation comme une des causes de notre malheur et propose de renouer avec le r\u00eave productif qui, depuis Colbert, serait au c\u0153ur de notre histoire et de notre identit\u00e9. Dans le chapitre Produire en France et sauver la plan\u00e8te, le futur pr\u00e9sident pr\u00f4nait une politique dinvestissement planifi\u00e9e, notamment dans la sant\u00e9 et la transition \u00e9nerg\u00e9tique. Il nest pas pr\u00e9vu douvrir l\u00e9v\u00e9nement au grand public, mais la situation pourrait \u00eatre r\u00e9\u00e9valu\u00e9e dici l\u00e0 Kid est en sixi\u00e8me et \u00e0 sa grande surprise cest elle qui va \u00eatre \u00e9lue pour faire un reportage au 1er Sommet des Animaux. <img src=\"http:\/\/img.over-blog-kiwi.com\/0\/99\/94\/30\/20150628\/ob_c1250b_imgp4658.JPG\" alt=\"rencontre gs cp\" align=\"right\"> Une \u00e9troite collaboration entre les professionnels m\u00e9dicaux de l\u00e9ducation nationale et de lagence r\u00e9gionale de sant\u00e9 ARS est indispensable. Elle concourt \u00e0 la gestion de l\u00e9pid\u00e9mie et pr\u00e9pare la sortie de crise. Ensemble, ils d\u00e9clinent localement les consignes nationales. La rentr\u00e9e progressive des diff\u00e9rents niveaux d\u00e9pend de lInspection Nationale. La ville de Vincennes suit avec pr\u00e9cision et promptitude les indications afin dassurer au mieux la reprise de l\u00e9cole pour vos enfants.  Dans le cadre de la soir\u00e9e Multipotes, jeunes des ateliers.. Jeter la pierre aux enseignants sur leur travail cest ent\u00e9riner un mythe, celui de la continuit\u00e9 p\u00e9dagogique et du tout est pr\u00eat minist\u00e9riel. Un vrai mythe politique imagin\u00e9 d\u00e8s le 12 mars quand le ministre sest trouv\u00e9 contredit par les faits. Et perp\u00e9tu\u00e9 depuis dans diff\u00e9rentes formes, la derni\u00e8re \u00e9tant le 2S2C voulu depuis toujours par JM Blanquer alors quil sagit de refiler des \u00e9l\u00e8ves aux autres parce que linstitution scolaire est incapable de les accueillir.  I.E.N. 1er degr\u00e9 C\u00f4te-dOr Circonscription mission maternelle Alors que la reprise se dessine, la Banque de France anticipe une chute de 10 du PIB pour lann\u00e9e 2020 et une augmentation du ch\u00f4mage \u00e0 11,5 courant 2021. Les familles sont inform\u00e9es individuellement des modalit\u00e9s de scolarisation de leurs enfants. Comment sorganise lemploi du temps de mon enfant? le passage \u00e0 2 ou 3 services, ce qui dans le dernier cas demanderait une adaptation \u00e9ventuelle des horaires comme par exemple : 11h30 au lieu de 11h45. La reprise des cours se fait dans ce cadre \u00e0 13h30, le temps de pause m\u00e9ridienne restant de 2 heures. Mais mr le maire dans l artisanat et le commerce c est pr\u00e8s d 1 millions d emplois en temps normal qu on pourrait cr\u00e9er mais cette jeunesse a qui on donne toutes les aides possibles ne se voit pas travailler les jours f\u00e9ri\u00e9s ni les week-ends ni faire 39h. Alors dire que c est a cause du coronavirus non. \u00c7a amplifiera juste un peu plus les chiffres. En effet la liberte\u0301 de manifester est la seule liberte\u0301 connaissant des restrictions graves qui nont pas e\u0301volue\u0301es en fonction de la situation sanitaire favorable. Pire, malgre\u0301 la nette ame\u0301lioration de la situation sanitaire, le gouvernement entend maintenir linterdiction de manifester au-dela\u0300 du 10 juillet 2020, fin de lEtat durgence par un projet de loi de\u0301pose\u0301 au Parlement hier. Le risque dune atteinte grave et prolonge\u0301e a\u0300 cette liberte\u0301 fondamentale pourrait donc se poursuivre! La protection de la sante\u0301 nest en re\u0301alite\u0301 quun pre\u0301texte pour e\u0301touffer les mobilisations sociales. Bruno Le Maire le reconna\u00eet sans ambages : avec ses dramatiques cons\u00e9quences \u00e9conomiques, le confinement a boulevers\u00e9 ses priorit\u00e9s. Il y a des vertus dans la crise : \u00e7a nous ouvre les yeux, affirmait-il la semaine derni\u00e8re sur France 2. Spectateur amus\u00e9, et un brin admiratif, de cette m\u00e9tamorphose, lun de ses coll\u00e8gues du gouvernement commente la conversion colbertiste du ministre de lEconomie et des Finances o\u00f9 comment d\u00e9crire la red\u00e9couverte de la puissance publique par un politique dob\u00e9dience lib\u00e9rale. Apr\u00e8s trois ans dans lombre du pr\u00e9sident de la R\u00e9publique et du Premier ministre, Le Maire conna\u00eet son heure de gloire avec une tr\u00e8s grosse s\u00e9quence politique depuis le d\u00e9but de l\u00e9pid\u00e9mie. A quelques semaines dun tr\u00e8s probable remaniement, cette soudaine visibilit\u00e9 a nourri les sp\u00e9culations sur les ambitions de ce premier ministrable. Lint\u00e9ress\u00e9 jure quil trouve largement de quoi sexprimer et s\u00e9panouir dans son fauteuil de Bercy. Les sondages mesurent les effets de son interventionnisme. Dans lenqu\u00eate Elabe pour les Echos du 4 juin, Le Maire est, au c\u00f4t\u00e9 du ministre de la Sant\u00e9, Olivier V\u00e9ran, la troisi\u00e8me personnalit\u00e9 politique pr\u00e9f\u00e9r\u00e9e des Fran\u00e7ais. Il gagne 5 points dans le barom\u00e8tre Viavoice-Lib\u00e9ration du mois de juin. Texte officiel BO hors-s\u00e9rie n 3 du 19 juin 2008 Le projet d\u00e9cole est le moyen de garantir la continuit\u00e9 n\u00e9cessaire entre l\u00e9cole maternelle et l\u00e9cole \u00e9l\u00e9mentaire dont la grande section, classe de l\u00e9cole maternelle mais aussi premi\u00e8re ann\u00e9e des apprentissages fondamentaux, est la charni\u00e8re. 21es Rencontres de P\u00e9diatrie Pratique Vous recevrez prochainement un mail concernant le gs Chatpassion est un site de chat gratuit et de rencontre du-rencontre entre noir et blanche site rencontre gratuit challans zoosk site de rencontre gratuit rencontres sans lendemain dakar rencontre entre Les voyages immobiles, rencontre un immense succ\u00e8s Le principe est assez simple mais particuli\u00e8rement \u00e9tonnant en r\u00e9gime capitaliste : moyennant un engagement de lentreprise \u00e0 maintenir les emplois ou un accord sp\u00e9cifique entre partenaires sociaux, l\u00c9tat prendrait en charge une partie des salaires. En cas daccord dentreprise, laide de l\u00c9tat sera encore plus importante. On se retrouvera donc avec cette incongruit\u00e9 : la puissance publique assurera directement la prise en charge dune partie substantielle on parle de 40 du salaire du principal co\u00fbt de production dune entreprise priv\u00e9e qui, malgr\u00e9 cela, demeurera totalement dans la sph\u00e8re priv\u00e9e. D\u00e9couvrez tous les quinze jours des contenus p\u00e9dagogiques pour pr\u00e9parer et animer vos cours.<\/p>\n","protected":false},"excerpt":{"rendered":"<p>rencontre gs cp<\/p>\n","protected":false},"author":1,"featured_media":0,"comment_status":"closed","ping_status":"closed","sticky":false,"template":"","format":"standard","meta":[],"categories":[1],"tags":[],"_links":{"self":[{"href":"http:\/\/prontointernational.org\/img\/wp-json\/wp\/v2\/posts\/898"}],"collection":[{"href":"http:\/\/prontointernational.org\/img\/wp-json\/wp\/v2\/posts"}],"about":[{"href":"http:\/\/prontointernational.org\/img\/wp-json\/wp\/v2\/types\/post"}],"author":[{"embeddable":true,"href":"http:\/\/prontointernational.org\/img\/wp-json\/wp\/v2\/users\/1"}],"replies":[{"embeddable":true,"href":"http:\/\/prontointernational.org\/img\/wp-json\/wp\/v2\/comments?post=898"}],"version-history":[{"count":1,"href":"http:\/\/prontointernational.org\/img\/wp-json\/wp\/v2\/posts\/898\/revisions"}],"predecessor-version":[{"id":899,"href":"http:\/\/prontointernational.org\/img\/wp-json\/wp\/v2\/posts\/898\/revisions\/899"}],"wp:attachment":[{"href":"http:\/\/prontointernational.org\/img\/wp-json\/wp\/v2\/media?parent=898"}],"wp:term":[{"taxonomy":"category","embeddable":true,"href":"http:\/\/prontointernational.org\/img\/wp-json\/wp\/v2\/categories?post=898"},{"taxonomy":"post_tag","embeddable":true,"href":"http:\/\/prontointernational.org\/img\/wp-json\/wp\/v2\/tags?post=898"}],"curies":[{"name":"wp","href":"https:\/\/api.w.org\/{rel}","templated":true}]}}