{"id":3689,"date":"2020-09-27T21:02:04","date_gmt":"2020-09-27T21:02:04","guid":{"rendered":"http:\/\/prontointernational.org\/img\/?p=3689"},"modified":"2020-09-22T05:45:45","modified_gmt":"2020-09-22T05:45:45","slug":"rencontre-inattendue-lopez","status":"publish","type":"post","link":"https:\/\/prontointernational.org\/img\/2020\/09\/27\/rencontre-inattendue-lopez\/","title":{"rendered":"Rencontre Inattendue Lopez"},"content":{"rendered":"<p> <img src=\"http:\/\/puortaldovt.cf\/cache\/avatars\/546556_1523139290_fr.png\" alt=\"rencontre inattendue lopez\" align=\"left\"> Alors que tout semble r\u00e9gler pour que Timo Werner rejoigne Chelsea, le transfert de linternational allemand serait bloqu\u00e9 en raison de la crise sanitaire du Covid-19. <img src=\"http:\/\/external-images.premiere.fr\/var\/premiere\/storage\/images\/tele\/news-videos\/video-frederic-lopez-refuse-d-ecouter-les-critiques-de-josiane-balasko-3979759\/72663596-1-fre-FR\/VIDEO-Frederic-Lopez-refuse-d-ecouter-les-critiques-de-Josiane-Balasko.jpg\" alt=\"rencontre inattendue lopez\" align=\"left\"> Il est par ailleurs rappel\u00e9 que Sophie Davant est fan du style d\u00c9lise Lucet, qui pr\u00e9sente le 13 heures de France 2. Une \u00e9mission est souvent tron\u00e7onn\u00e9e au montage, rythme oblige mais son investissement humain en tant que maire de Pr\u00e9cy-sur-Marne na \u00e9t\u00e9 hier soir \u00e9voqu\u00e9. Un oubli pour ce petit village dont lartiste est le premier magistrat depuis 1989 et ce, sans \u00e9tiquette. Amusant de constater cet oubli pour cet homme \u00e0 qui on a injustement coll\u00e9 tant d\u00e9tiquettes qui, heureusement commencent \u00e0 se d\u00e9coller au fil dune carri\u00e8re plus que respectable. Je sens avec vous une communion douce et puissante. Vous assemblez tel un puzzle des notions dont jai pris conscience au fil de ma vie et que jessaye de mettre \u0153uvre dans mon parcours vers lart, le dessin et la peinture en particulier. Votre conseil de l\u00e2cher le l\u00e2cher-prise mest pr\u00e9cieux. La ville o\u00f9 ils font les courses cest Ch\u00e2teau-Landon, en Seine et MArne, pas r\u00e9ussi, pour linstant, \u00e0 situer la maison. Avec Denzel Washington, Eva Mendes, Dean Cain, Sanaa Lathan, John Billingsle Patrick Chesnais, Marie-Claude Pietragalla, Manu Katch\u00e9-La parenth\u00e8se inattendue LPI  Bernard Pivot, de lAcad\u00e9mie Goncourt, chronique cette semaine le livre de Antoine Compagnon, Un \u00e9t\u00e9 avec Pascal. Le gouvernement pr\u00e9sente mercredi un troisi\u00e8me projet de budget rectificatif contenant pr\u00e8s de 40 milliards deuros.. En allant tous les week-ends \u00e0 la campagne pour l\u00e9mission La parenth\u00e8se inattendue, sur la trame de confidences de trois personnalit\u00e9s r\u00e9unies pendant deux jours, NDLR, jai pris beaucoup de plaisir et je me suis dit que ce serait bien davoir une maison de campagne quelque part. Jai fait le tour de toutes les r\u00e9gions et je revenais toujours vers les C\u00e9vennes. Il y a un c\u00f4t\u00e9 sauvage qui me rappelle beaucoup Rendez-vous en terre inconnue. Jai la chance daller dans des endroits tr\u00e8s recul\u00e9s dans le monde et je sais combien on se sent bien dans la nature. Dans ce coin-l\u00e0, en C\u00e9vennes, il y a les rivi\u00e8res, les montagnes, la v\u00e9g\u00e9tation. Read clairepedinis point of view on the changes brought by the Covid-19 crisis in the workplace Avec Mustafa Shehata, Islam Mubarak, Mahmoud Elsaraj, Bunna Khalid, Talal Afifi le moulin na pas le droit de contenir leau, il doit la laisser passer! leau et les poissons nappartient pas au propri\u00e9taire en 2 \u00e8me cat\u00e9gorie! Pour en savoir plus ou exercer vos droits, vous pouvez consulter nos. <img src=\"http:\/\/scrat.hellocoton.fr\/img\/classic\/medias-la-parenthese-inattendue-qui-est-sami-ameziane-alias-le-compte-de-bourderbala-11029830.jpg\" alt=\"rencontre inattendue lopez\" align=\"left\">  Avec le jardin derri\u00e8re comme on \u00e0 vue hier. Ils auraient juste rajouter le ponton sur le bord de leau A partir daujourdhui, Fr\u00e9d\u00e9ric Lopez pr\u00e9sentera La Parenth\u00e8se inattendue tous les mercredi soirs sur France 2. Il fera tomber le masque de personnalit\u00e9s lors dun week-end \u00e0 la campagne. D\u00e9couvrez les premi\u00e8res images. Pour associer votre compte PassMedia avec votre compte JDD en toute s\u00e9curit\u00e9, validez votre email : Menvoyer un e-mail lors dun nouveau commentaire sur cet article Sophie Davant ne dirait pas non \u00e0 participer \u00e0 Rendez-vous en terre Inconnue, l\u00e9mission pr\u00e9sent\u00e9e sur France 2 par Fr\u00e9d\u00e9ric Lopez \u00e0 laquelle Alors certes, nous sommes dans une forme de d\u00e9voilement de lintimit\u00e9, mais cest racont\u00e9 par la personnalit\u00e9 elle-m\u00eame, et cela ne porte pas \u00e0 cons\u00e9quence, car il y a prescription. T\u00e9l\u00e9vision : quand Fr\u00e9d\u00e9ric Lopez r\u00eave dune parenth\u00e8se c\u00e9venole-midilibre.fr Lanimateur-producteur pr\u00e9pare sa rentr\u00e9e dans une maison parisienne. O\u00f9 il tourne Mille et Une Vies, quotidienne intimiste pour France 2. Je viens de relire le Philosophe nu avec un grand plaisir comme vos autres livres. Et comme toujours ces lectures mapaisent et me redonne de l\u00e9nergie. Merci pour ce partage qui nous grandis un peu ou beaucoup! Cette \u00e9mission est positive, simple, et pleine de bons sens.<\/p>\n","protected":false},"excerpt":{"rendered":"<p>rencontre inattendue lopez<\/p>\n","protected":false},"author":1,"featured_media":0,"comment_status":"closed","ping_status":"closed","sticky":false,"template":"","format":"standard","meta":[],"categories":[1],"tags":[],"_links":{"self":[{"href":"https:\/\/prontointernational.org\/img\/wp-json\/wp\/v2\/posts\/3689"}],"collection":[{"href":"https:\/\/prontointernational.org\/img\/wp-json\/wp\/v2\/posts"}],"about":[{"href":"https:\/\/prontointernational.org\/img\/wp-json\/wp\/v2\/types\/post"}],"author":[{"embeddable":true,"href":"https:\/\/prontointernational.org\/img\/wp-json\/wp\/v2\/users\/1"}],"replies":[{"embeddable":true,"href":"https:\/\/prontointernational.org\/img\/wp-json\/wp\/v2\/comments?post=3689"}],"version-history":[{"count":1,"href":"https:\/\/prontointernational.org\/img\/wp-json\/wp\/v2\/posts\/3689\/revisions"}],"predecessor-version":[{"id":3690,"href":"https:\/\/prontointernational.org\/img\/wp-json\/wp\/v2\/posts\/3689\/revisions\/3690"}],"wp:attachment":[{"href":"https:\/\/prontointernational.org\/img\/wp-json\/wp\/v2\/media?parent=3689"}],"wp:term":[{"taxonomy":"category","embeddable":true,"href":"https:\/\/prontointernational.org\/img\/wp-json\/wp\/v2\/categories?post=3689"},{"taxonomy":"post_tag","embeddable":true,"href":"https:\/\/prontointernational.org\/img\/wp-json\/wp\/v2\/tags?post=3689"}],"curies":[{"name":"wp","href":"https:\/\/api.w.org\/{rel}","templated":true}]}}