{"id":3795,"date":"2020-09-27T20:11:44","date_gmt":"2020-09-27T20:11:44","guid":{"rendered":"http:\/\/prontointernational.org\/img\/?p=3795"},"modified":"2020-09-22T09:40:17","modified_gmt":"2020-09-22T09:40:17","slug":"rencontre-lachapelle-sous-aubenas","status":"publish","type":"post","link":"https:\/\/prontointernational.org\/img\/2020\/09\/27\/rencontre-lachapelle-sous-aubenas\/","title":{"rendered":"Rencontre Lachapelle Sous Aubenas"},"content":{"rendered":"<p>Vente maison Lachapelle sous Aubenas iad France-Meryem GUILLEMET 06 38 40 66 67 vous propose : LA CHAPELLE-SOUS.. Chansons de Brassens interpr\u00e9t\u00e9es par une trio. Des chansons quon sifflote et dautres oubli\u00e9es. Profitez de cette rencontre avec nos producteurs pour d\u00e9couvrir nos produits du terroir! Int\u00e9r\u00eats communs : Cuisine, Relations daffaires, Caf\u00e9 et conversations, Restaurant, Art cr\u00e9atif, Int\u00e9r\u00eats politiques Ciel d\u00e9gag\u00e9 toute la journ\u00e9e. Temp\u00e9rature Max: 25C Temp\u00e9rature Min: 11C Pression: 1016.8 hPa Probabilit\u00e9 de pr\u00e9cipitation: 4 rain Pourcentage de ciel occult\u00e9 par les nuage: 13 Vitesse du vent: 2 kmh Vitesse du vent en raffales: 7 kmh Visibilit\u00e9: 16.093 km Humidit\u00e9: 71 Point de ros\u00e9e: 12 UV Index: 9 Lev\u00e9 du soleil: 05:59 Couch\u00e9 du soleil: 21:31 lint\u00e9gration des dirigeants dentreprise venant sinstaller en Ard\u00e8che m\u00e9ridionale, En bouteilles verre L, 25cl, 75cl, bag in box de 10 L, pots en verre 360 gr : Nos pur jus : pomme dArd\u00e8che, raisin dArd\u00e8che, tomate, orange, ananas, pamplemousse.  Je me d\u00e9place et vous rencontre \u00e0 votre domicile ou sur votre lieu de travail.  Probl\u00c8me au niveau des province. Page inscription2.php Le dialogue citoyen \u00e0 la nantaise repose sur trois axes fondamentaux : la co-construction des politiques publiques, le dialogue citoyen de quartier et la ville collaborative. Animer des temps collectifs avec les enfants, les assistants maternels et les parents employeurs dassistant maternel. Jeux, lectures, \u00e9veil, motricit\u00e9, d\u00e9couvertes sensorielles, projets collectifs ces temps permettent les rencontres, la socialisation du jeune enfant et le partage professionnel. Cours dinitiation: D\u00e9couvrez le travail du verre \u00e0 la flamme : premi\u00e8re perles. Vous d\u00e9couvrez le verre en fusion, vous r\u00e9alisez vos premi\u00e8res perles de verre et repartez avec le bijou que vous avez cr\u00e9\u00e9. <img src=\"http:\/\/www.pibef.cf\/uploads\/photo\/big\/chambre-d-hotes-le-moulin-des-sources-dm1dib.jpg\" alt=\"rencontre lachapelle sous aubenas\" align=\"right\"> <img src=\"http:\/\/2.bp.blogspot.com\/-HW8kh6R59bA\/VYPWgQADgqI\/AAAAAAAAAmA\/FNtK6GK8evM\/s1600\/Affiche%2B7eme%2Batelier%2B-%2BAubenas-page001.jpeg\" alt=\"rencontre lachapelle sous aubenas\" align=\"center\"> Site officiel de Nantes M\u00e9tropole et de la Ville de Nantes Je suis une personne s\u00e9rieuse, Joyeuse, fid\u00e8le, droite, aimant la vie, rire, samuser, sortir, la marche, voyager, douce, \u00e0 l\u00e9coute et sociable. R\u00e9gion: Les informations disponibles sur cette page sont mises \u00e0 jour par les Offices de tourisme de lArd\u00e8che. Lachapelle-sous-Aubenas est une commune situ\u00e9e dans le d\u00e9partement Ard\u00e8che 07, r\u00e9gion Rh\u00f4ne-Alpes.  50 de reembolso menos a taxa de servi\u00e7o se voc\u00ea cancelar pelo menos 14 dias antes do check-in. Au Nord de Lalevade-dArd\u00e8che, une zone de collines est fortement marqu\u00e9e par la d\u00e9sertification agricole. Elle est peu connue, except\u00e9 de ses habitants et des randonneurs locaux mais m\u00e9rite pourtant le d\u00e9tour. En Ard\u00e8che, les paysages sont beaux partout. Et cette randonn\u00e9e permet de d\u00e9couvrir une perle, l\u00e9glise romane de Ni\u00e8gles, tir\u00e9e de la ruine o\u00f9 elle \u00e9tait vers 1980 par-Cheveux : Brun p\u00e2le-167 cm-Statut civil: S\u00e9par\u00e9-Silhouette : Bien dans ma peau \u00c0 loccasion de la c\u00e9r\u00e9monie des v\u0153ux \u00e0 la population, le maire Roland Chambon, a prononc\u00e9 son discours aux Chapelluds r\u00e9unis dans la salle.. <img src=\"http:\/\/star.miracle-bra.com\/3399-thickbox_default\/pack-ego-aio-box-joyetech.jpg\" alt=\"rencontre lachapelle sous aubenas\" align=\"left\">.<\/p>\n","protected":false},"excerpt":{"rendered":"<p>rencontre lachapelle sous aubenas<\/p>\n","protected":false},"author":1,"featured_media":0,"comment_status":"closed","ping_status":"closed","sticky":false,"template":"","format":"standard","meta":[],"categories":[1],"tags":[],"_links":{"self":[{"href":"https:\/\/prontointernational.org\/img\/wp-json\/wp\/v2\/posts\/3795"}],"collection":[{"href":"https:\/\/prontointernational.org\/img\/wp-json\/wp\/v2\/posts"}],"about":[{"href":"https:\/\/prontointernational.org\/img\/wp-json\/wp\/v2\/types\/post"}],"author":[{"embeddable":true,"href":"https:\/\/prontointernational.org\/img\/wp-json\/wp\/v2\/users\/1"}],"replies":[{"embeddable":true,"href":"https:\/\/prontointernational.org\/img\/wp-json\/wp\/v2\/comments?post=3795"}],"version-history":[{"count":1,"href":"https:\/\/prontointernational.org\/img\/wp-json\/wp\/v2\/posts\/3795\/revisions"}],"predecessor-version":[{"id":3796,"href":"https:\/\/prontointernational.org\/img\/wp-json\/wp\/v2\/posts\/3795\/revisions\/3796"}],"wp:attachment":[{"href":"https:\/\/prontointernational.org\/img\/wp-json\/wp\/v2\/media?parent=3795"}],"wp:term":[{"taxonomy":"category","embeddable":true,"href":"https:\/\/prontointernational.org\/img\/wp-json\/wp\/v2\/categories?post=3795"},{"taxonomy":"post_tag","embeddable":true,"href":"https:\/\/prontointernational.org\/img\/wp-json\/wp\/v2\/tags?post=3795"}],"curies":[{"name":"wp","href":"https:\/\/api.w.org\/{rel}","templated":true}]}}