{"id":4111,"date":"2020-09-28T04:15:34","date_gmt":"2020-09-28T04:15:34","guid":{"rendered":"http:\/\/prontointernational.org\/img\/?p=4111"},"modified":"2020-09-22T19:40:58","modified_gmt":"2020-09-22T19:40:58","slug":"rencontres-seniors-en-suisse","status":"publish","type":"post","link":"https:\/\/prontointernational.org\/img\/2020\/09\/28\/rencontres-seniors-en-suisse\/","title":{"rendered":"Rencontres Seniors En Suisse"},"content":{"rendered":"<p>Est un site pour les c\u00e9libataires s\u00e9rieux qui souhaitent jouer la carte de lauthenticit\u00e9, les photos sont v\u00e9rifi\u00e9es et les fiches des membres ne respectant pas les r\u00e8gles de bonne conduite sont supprim\u00e9es. Sur le site de rencontre Meetic, vous pouvez compter sur Lara, notre coach experte en dating, disponible \u00e0 tout moment. 13 juin 2020 \u00e0 16h15 : Beatrice a rejoint seniorsavotreservice.com Une aide financi\u00e8re serait \u00e9galement bienvenue pour permettre de sous-traiter des am\u00e9liorations que nous ne pouvons pas faire en interne. Lavis de EMMANUELLA le 9 novembre 2019 \u00e0 16 h 04 min sur Sites de rencontre Suisse plus de 50 ans Chaque d\u00e9l\u00e9gation pourra vous pr\u00e9senter ici leurs activit\u00e9s et leurs projets sous forme dune courte pr\u00e9sentation vid\u00e9o. <img src=\"http:\/\/tellementfoot.com\/wp-content\/uploads\/2016\/03\/Carlo-Ancelotti.jpg\" alt=\"rencontres seniors en suisse\" align=\"center\"> Dans le Lot-et-Garonne, AGIRabcd met en relation les retrait\u00e9s ne pouvant plus conduire avec des personnes qui auront un r\u00f4le de chauffeur, afin de lutter contre lisolement <img src=\"http:\/\/www.mzandrehe.gq\/wp-content\/gallery\/rip-acne-flops\/04.jpg\" alt=\"rencontres seniors en suisse\" align=\"center\"> Pour une information locale, libre et ind\u00e9pendante :  Vous pouvez contracter le nouveau coronavirus en cas de contact \u00e9troit et prolong\u00e9 avec une personne infect\u00e9e. En gardant vos distances deux m\u00e8tres, vous prot\u00e9gez les autres et vous-m\u00eame. You can email the site owner to let them know you were blocked. Please include what you were doing when this page came up and the Cloudflare Ray ID found at the bottom of this page. Vivre le pr\u00e9sent femme senior c\u00e9libataire de 65 ans cherche homme pour rencontre s\u00e9rieuse Les chiffres et statistiques affich\u00e9s sont fid\u00e8les \u00e0 la r\u00e9alit\u00e9. Ilovia sengage \u00e0 ne pas cr\u00e9er de profils fictifs et \u00e0 ne pas faire appel \u00e0 des services danimation pour augmenter lactivit\u00e9 sur ce site de rencontre s\u00e9rieux d\u00e9di\u00e9 aux seniors \u00e0 la recherche dune belle rencontre. Rencontre-amoureuse-mali: Rencontres Seniors En Suisse Avec 19 ans dexp\u00e9rience dans le dating, nous proposons de v\u00e9ritables outils de recherche pour vous aider \u00e0 mettre toutes les chances de votre c\u00f4t\u00e9 de trouver les c\u00e9libataires qui vous correspondent mais aussi des Coachings et des Live streamings r\u00e9alis\u00e9s avec des experts pour vous aider \u00e0 valoriser vos atouts pour aborder votre qu\u00eate dune rencontre amoureuse en ayant confiance en vous et en vos qualit\u00e9s. Car croyez-en notre exp\u00e9rience, la cl\u00e9 de la r\u00e9ussite pour vivre une relation \u00e0 deux, cest de croire dabord en vous. Le langage dans la rencontre amoureuse Les mots damour et de tous les jours Loin des syst\u00e8mes classiques, th\u00e9matiques ou bas\u00e9s sur simples photos, Affiny fait appel \u00e0 cette pointe de logique qui se glisse naturellement dans toute histoire romantique.   La position de Basse-Goulaine, \u00e0 proximit\u00e9 de Nantes et jouissant du cadre de vie agr\u00e9able du vignoble et des bords de Loire, constitue un fort attrait pour les familles. 27 : baignade autoris\u00e9e avant les premi\u00e8res dents. D\u00e8s 0 an <img src=\"http:\/\/foietlumiere.ch\/uploads\/images\/communautes\/communautes_002.JPG\" alt=\"rencontres seniors en suisse\" align=\"center\"> 30 : une initiation aux joies thermales pour le benjamin de la famille, dont tout le monde profite! Autre point soulev\u00e9 par cette \u00e9tude : 3 des a\u00een\u00e9s vivant \u00e0 domicile ont des probl\u00e8mes de locomotion, 4 souffrent de limitations sensorielles et 49 de maladies chroniques ou de longue dur\u00e9e. Naturellement, ces ennuis de sant\u00e9 augmentent le risque de limitations fonctionnelles. Ainsi, une large majorit\u00e9 91 de ces personnes qui ont du mal \u00e0 se d\u00e9placer, est concern\u00e9e par des g\u00eanes dans les activit\u00e9s du quotidien, notamment, pour emprunter les transports publics, faire des travaux m\u00e9nagers ou des achats. Par ailleurs, deux-tiers des seniors avec un probl\u00e8me important de vue etou dou\u00efe et un quart de ceux avec une arthrose sont g\u00ean\u00e9s dans leurs activit\u00e9s de tous les jours.<\/p>\n","protected":false},"excerpt":{"rendered":"<p>rencontres seniors en suisse<\/p>\n","protected":false},"author":1,"featured_media":0,"comment_status":"closed","ping_status":"closed","sticky":false,"template":"","format":"standard","meta":[],"categories":[1],"tags":[],"_links":{"self":[{"href":"https:\/\/prontointernational.org\/img\/wp-json\/wp\/v2\/posts\/4111"}],"collection":[{"href":"https:\/\/prontointernational.org\/img\/wp-json\/wp\/v2\/posts"}],"about":[{"href":"https:\/\/prontointernational.org\/img\/wp-json\/wp\/v2\/types\/post"}],"author":[{"embeddable":true,"href":"https:\/\/prontointernational.org\/img\/wp-json\/wp\/v2\/users\/1"}],"replies":[{"embeddable":true,"href":"https:\/\/prontointernational.org\/img\/wp-json\/wp\/v2\/comments?post=4111"}],"version-history":[{"count":1,"href":"https:\/\/prontointernational.org\/img\/wp-json\/wp\/v2\/posts\/4111\/revisions"}],"predecessor-version":[{"id":4112,"href":"https:\/\/prontointernational.org\/img\/wp-json\/wp\/v2\/posts\/4111\/revisions\/4112"}],"wp:attachment":[{"href":"https:\/\/prontointernational.org\/img\/wp-json\/wp\/v2\/media?parent=4111"}],"wp:term":[{"taxonomy":"category","embeddable":true,"href":"https:\/\/prontointernational.org\/img\/wp-json\/wp\/v2\/categories?post=4111"},{"taxonomy":"post_tag","embeddable":true,"href":"https:\/\/prontointernational.org\/img\/wp-json\/wp\/v2\/tags?post=4111"}],"curies":[{"name":"wp","href":"https:\/\/api.w.org\/{rel}","templated":true}]}}