{"id":4217,"date":"2020-09-28T02:20:31","date_gmt":"2020-09-28T02:20:31","guid":{"rendered":"http:\/\/prontointernational.org\/img\/?p=4217"},"modified":"2020-09-22T22:38:27","modified_gmt":"2020-09-22T22:38:27","slug":"caf-rencontre-moto","status":"publish","type":"post","link":"https:\/\/prontointernational.org\/img\/2020\/09\/28\/caf-rencontre-moto\/","title":{"rendered":"Caf Rencontre Moto"},"content":{"rendered":"<p>Ils redeviennent juste des anonymes, des citoyens solidaires du mouvement.  Le vendredi 31 janvier 2014, 15:16 par Didier Loriot  Noubliez cet affront et allez votez blanc, cest la seule mani\u00e8re de les emmerder. <img src=\"http:\/\/pacca.e-monsite.com\/medias\/images\/dscf5342-copier-copie.jpg\" alt=\"caf rencontre moto\" align=\"right\"> RDV pris par tel pour nous expliquer le d\u00e9roulement de la transformation.Arriv\u00e9 \u00e0 latelier la selle sous le bras et apr\u00e8s lavoir mise sur la table,le spectacle commence. <img src=\"http:\/\/img.over-blog-kiwi.com\/1\/39\/06\/16\/20170916\/ob_be68f4_dscn0093.JPG\" alt=\"caf rencontre moto\" align=\"center\"> Un grand merci \u00e0 Mme et M. BRIANT pour leur accueil. Merci \u00e0 Jean marc et toute son \u00e9quipe pour leur r\u00e9alisation. Plus dinformation aupr\u00e8s de : bruno delaye-Mail : bdelaye67free.fr-Tel : 06 27 29 29 90..  B\u00e9n\u00e9diction des motos-pour tous les motards samedi 7 mai 2016 aux Mayens de la Dzour devant la chapelle \u00e0 proximit\u00e9 du caf\u00e9 des Chasseurs \u00e0 Savi\u00e8se.Bien venue a tous les motards. Un grand merci \u00e0 la sellerie Briant pour leurs conseils et \u00e0 la r\u00e9alisation <img src=\"http:\/\/www.fond-ecran-image.com\/galerie-membre\/moto-ancienne\/images-moto-dollar.jpg\" alt=\"caf rencontre moto\" align=\"right\"> Apr\u00e8s 2500 km r\u00e9alis\u00e9s en 4 jours, le bilan est tr\u00e8s tr\u00e8s positif, aussi bien pour le pilote que pour la passag\u00e8re. Lassise est nettement plus confortable, engendrant notamment beaucoup moins d\u00e9chauffement. Le rev\u00eatement limitant le glissement ainsi que la s\u00e9paration pilote passag\u00e8re plus marqu\u00e9e diminue grandement le re-positionnement des corps en fonction de la conduite freinage, acc\u00e9l\u00e9ration, etc.. De plus, nous trouvons que visuellement cette selle est valorisante. Bonjour, nous le r\u00e9p\u00e9tons depuis le d\u00e9but, ce sont les gilets jeunes qui ne veulent pas \u00eatre r\u00e9cup\u00e9r\u00e9s, mais rien ne temp\u00eache daller manifest\u00e9 sous leurs couleurs, cest pourtant pas compliqu\u00e9 \u00e0 comprendre ca. Pas un \u00e9norme mais un gigantesque merci Jean Marc! Cest la deuxi\u00e8me selle et le deuxi\u00e8me dosseret que tu me fait et vraiment toujours un v\u00e9ritable bonheur! Pour tout ceux qui lirons mon petit commentaire jai quelques petites pr\u00e9cisons a donner. A tout les conducteurs de side, si vos passagers en ont marre de se taper le c. Au fond du panier ou de se prendre des coup de raquettes dans le dos, vous savez ce quil vous reste \u00e0 faire&#8230;.allez voir Jean-Marc et son \u00e9quipe. Pour les exposants, possibilit\u00e9 dinstallation la veille de 17h \u00e0 20h Suite \u00e0 l\u00e9mission t\u00e9l\u00e9vis\u00e9e du dimanche 10 octobre 2004 sur M6 : Beauvau en appelle donc au civisme et \u00e0 la responsabilit\u00e9 des Fran\u00e7ais face au coronavirus et d\u00e9conseille les regroupements massifs dans de petites surfaces. Justificatif de domicile obligatoire pour tout d\u00e9placement.<\/p>\n","protected":false},"excerpt":{"rendered":"<p>caf rencontre moto<\/p>\n","protected":false},"author":1,"featured_media":0,"comment_status":"closed","ping_status":"closed","sticky":false,"template":"","format":"standard","meta":[],"categories":[1],"tags":[],"_links":{"self":[{"href":"https:\/\/prontointernational.org\/img\/wp-json\/wp\/v2\/posts\/4217"}],"collection":[{"href":"https:\/\/prontointernational.org\/img\/wp-json\/wp\/v2\/posts"}],"about":[{"href":"https:\/\/prontointernational.org\/img\/wp-json\/wp\/v2\/types\/post"}],"author":[{"embeddable":true,"href":"https:\/\/prontointernational.org\/img\/wp-json\/wp\/v2\/users\/1"}],"replies":[{"embeddable":true,"href":"https:\/\/prontointernational.org\/img\/wp-json\/wp\/v2\/comments?post=4217"}],"version-history":[{"count":1,"href":"https:\/\/prontointernational.org\/img\/wp-json\/wp\/v2\/posts\/4217\/revisions"}],"predecessor-version":[{"id":4218,"href":"https:\/\/prontointernational.org\/img\/wp-json\/wp\/v2\/posts\/4217\/revisions\/4218"}],"wp:attachment":[{"href":"https:\/\/prontointernational.org\/img\/wp-json\/wp\/v2\/media?parent=4217"}],"wp:term":[{"taxonomy":"category","embeddable":true,"href":"https:\/\/prontointernational.org\/img\/wp-json\/wp\/v2\/categories?post=4217"},{"taxonomy":"post_tag","embeddable":true,"href":"https:\/\/prontointernational.org\/img\/wp-json\/wp\/v2\/tags?post=4217"}],"curies":[{"name":"wp","href":"https:\/\/api.w.org\/{rel}","templated":true}]}}