{"id":4311,"date":"2020-09-28T03:57:47","date_gmt":"2020-09-28T03:57:47","guid":{"rendered":"http:\/\/prontointernational.org\/img\/?p=4311"},"modified":"2020-09-23T01:54:56","modified_gmt":"2020-09-23T01:54:56","slug":"rencontre-dans-le-gard","status":"publish","type":"post","link":"https:\/\/prontointernational.org\/img\/2020\/09\/28\/rencontre-dans-le-gard\/","title":{"rendered":"Rencontre Dans Le Gard"},"content":{"rendered":"<p>Accueil-Conseil, Recrutement et offres demploi cadres Apec Certes, des tr\u00e8s anciennes existent travail de la laine dans le haut-pays castrais ou en annex\u00e9 par le n\u00e9goce languedocien, fabrication de la en, dans le, l et larri\u00e8re-pays, cotonnades du, des r\u00e9gions d et d, ou encore d. Mais elles \u00e9taient diss\u00e9min\u00e9es en petits ateliers, comprenant plus dartisans travaillant \u00e0 domicile que douvriers, et elles ont souvent p\u00e9riclit\u00e9, parfois jusqu\u00e0 dispara\u00eetre, victimes de crises pr\u00e9coces ou de la concurrence des foyers du bas-pays. Impuls\u00e9es par des initiatives et des capitaux ext\u00e9rieurs, quelques affaires se sont surtout d\u00e9velopp\u00e9es au : petite industrie diffuse, surtout principalement dans les campagnes de lest du Massif central ou sur quelques sites isol\u00e9s et pour la, et \u00e0, comme \u00e0, mais surtout pays noirs p\u00e9riph\u00e9riques fond\u00e9s sur les de, et, et l, et, et la. Jusqu\u00e0 la fin du, le Massif central est m\u00eame le premier fournisseur de charbon et de produits m\u00e9tallurgiques en France. Lassociation de la mine tr\u00e8s \u00e9parpill\u00e9e-et de lusine restait toutefois in\u00e9gale : de v\u00e9ritables bassins saffirment seulement \u00e0 Saint-\u00c9tienne, foyer le plus puissant avec la m\u00e9tallurgie et l, comme \u00e0 Decazeville, Al\u00e8s-ou et sa coutellerie. Sp\u00e9cialisations et g\u00e9n\u00e9rations industrielles marquent \u00e9galement des villes de Limoges ou. En revanche, limplantation des na gu\u00e8re suscit\u00e9 de cr\u00e9ations industrielles et le mod\u00e8le des nest pas applicable au Massif central en dehors de quelques usines d\u00e9lectrom\u00e9tallurgie comme celles de, des ou d.  Pour plus dinformation : C\u00e9dric BONTEMS au 06 65 82 36 89 ou. Les a\u00e9roports de 425 896 passagers en 2013, 299 654 et 143 392 sont les plus fr\u00e9quent\u00e9s. Le bilan reste d\u00e9concertant de complexit\u00e9 du fait, dune part de r\u00e9sultats \u00e9conomiques d\u00e9cevants et, dautre part, dune absence dunit\u00e9. Les r\u00e9sultats sont donc loin des esp\u00e9rances n\u00e9es des ann\u00e9es 1970 : quil sagisse des revenus, des ou des ; la part des compensations publiques et europ\u00e9ennes dans le budget des exploitations r\u00e9v\u00e8le cette impuissance de hautes terres largement assist\u00e9es. Le tableau remet en cause les choix op\u00e9r\u00e9s jusquici mod\u00e8le productiviste et l\u00e9gitime quelques inqui\u00e9tudes face aux \u00e9volutions de la. D\u00e9j\u00e0, les ont entra\u00een\u00e9 une \u00e2pre s\u00e9lection et la voie de lextensification peut avoir des cons\u00e9quences f\u00e2cheuses sur les soci\u00e9t\u00e9s locales et les paysages. Seul, le choix des productions de qualit\u00e9 offre dexcellentes opportunit\u00e9s mais le Massif central tarde \u00e0 suivre cette direction, surtout si on le compare aux montagnes de lEst du pays. <img src=\"http:\/\/ressource-autonomie.fr\/wp-content\/uploads\/2018\/07\/Envie-Angers-1.png\" alt=\"rencontre dans le gard\" align=\"right\"> Nous souhaitons faire connaissance par mail en se d\u00e9couvrant peu \u00e0 peu pour bien cerner toutes nos attentes et limites respectives avant denvisager rencontre. Nous pouvons vous sugg\u00e9rer les services suivants? Retrouver toutes les infos sur la vid\u00e9o sur : http:www.francetvinfo.freconomieemploimetiersagriculturegard-rencontre-avec-le-producteur-qui-a-relance-la-grenade-en-france_2440173.html Amour Gard : ma recherche est simple trouver lamitie et voir tant de choses a partager a deux utilisez le service. Cela ne comprend pas la personnalisation, la collecte dinformations relatives \u00e0 votre cherche copines pour promenade,rivi\u00e8re,mer et discussions.. <img src=\"http:\/\/www.mda30.com\/wp-content\/uploads\/2017\/06\/Capture-1.png\" alt=\"rencontre dans le gard\" align=\"center\">  Int\u00e9r\u00eats communs : Cuisine, Restaurant, Films Vid\u00e9os, Sports  <img src=\"http:\/\/anthonycellier.fr\/wp-content\/uploads\/2018\/05\/23845711_1928292230825714_3527359901222796631_o.jpg\" alt=\"rencontre dans le gard\" align=\"right\"> Les aventures ne mint\u00e9ressent pas, elles sont st\u00e9riles et napportent rien! Femme s\u00e9rieuse et ind\u00e9pendante, souriante et sympathique on me d\u00e9crit souvent comme un rayon de soleil, jaime la vie et ne veux pas la laisser passer apr\u00e8s tout, on en a quune. Maman \u00e9galement dun enfant, je souhaiterais trouver une personne qui voudrait partager son temps avec le mien. Quelquun de respectueux, s\u00e9rieux qui souhaiterait sinvestir dans une relation s\u00e9rieuse, qui saurait ce quil veut.. L\u00e9ger petit ventre,les cheveux courts et un beau sourire.j aimerais rencontrer des femmes charmante et sensuelle pour des moments c\u00e2lins et coquin.mon look est plut\u00f4t d\u00e9contract\u00e9 a bient\u00f4t Service des sports : Herv\u00e9 BARBUSSE au 06.20.62.64.36.<\/p>\n","protected":false},"excerpt":{"rendered":"<p>rencontre dans le gard<\/p>\n","protected":false},"author":1,"featured_media":0,"comment_status":"closed","ping_status":"closed","sticky":false,"template":"","format":"standard","meta":[],"categories":[1],"tags":[],"_links":{"self":[{"href":"https:\/\/prontointernational.org\/img\/wp-json\/wp\/v2\/posts\/4311"}],"collection":[{"href":"https:\/\/prontointernational.org\/img\/wp-json\/wp\/v2\/posts"}],"about":[{"href":"https:\/\/prontointernational.org\/img\/wp-json\/wp\/v2\/types\/post"}],"author":[{"embeddable":true,"href":"https:\/\/prontointernational.org\/img\/wp-json\/wp\/v2\/users\/1"}],"replies":[{"embeddable":true,"href":"https:\/\/prontointernational.org\/img\/wp-json\/wp\/v2\/comments?post=4311"}],"version-history":[{"count":1,"href":"https:\/\/prontointernational.org\/img\/wp-json\/wp\/v2\/posts\/4311\/revisions"}],"predecessor-version":[{"id":4312,"href":"https:\/\/prontointernational.org\/img\/wp-json\/wp\/v2\/posts\/4311\/revisions\/4312"}],"wp:attachment":[{"href":"https:\/\/prontointernational.org\/img\/wp-json\/wp\/v2\/media?parent=4311"}],"wp:term":[{"taxonomy":"category","embeddable":true,"href":"https:\/\/prontointernational.org\/img\/wp-json\/wp\/v2\/categories?post=4311"},{"taxonomy":"post_tag","embeddable":true,"href":"https:\/\/prontointernational.org\/img\/wp-json\/wp\/v2\/tags?post=4311"}],"curies":[{"name":"wp","href":"https:\/\/api.w.org\/{rel}","templated":true}]}}