{"id":4445,"date":"2020-09-29T17:36:28","date_gmt":"2020-09-29T17:36:28","guid":{"rendered":"http:\/\/prontointernational.org\/img\/?p=4445"},"modified":"2020-09-23T05:46:49","modified_gmt":"2020-09-23T05:46:49","slug":"rencontres-sciences-po-bordeaux-sud-ouest","status":"publish","type":"post","link":"https:\/\/prontointernational.org\/img\/2020\/09\/29\/rencontres-sciences-po-bordeaux-sud-ouest\/","title":{"rendered":"Rencontres Sciences Po Bordeaux Sud Ouest"},"content":{"rendered":"<p><img src=\"http:\/\/ewanews.com\/images\/stories\/lascaux-sciencespo1-kokel.jpg\" alt=\"rencontres sciences po bordeaux sud ouest\" align=\"right\"> Etaient pr\u00e9sents \u00e0 cette table ronde :, Marina Maestrutti, docteure en \u00e9pist\u00e9mologie, histoire des sciences et des techniques, Jean-Bernard Perrein, pr\u00e9sident de la commission e-sant\u00e9 de lUnion R\u00e9gionale des M\u00e9decins Lib\u00e9raux dAquitaine, et, directeur de projets chez. Or Sciences Po Bordeaux s\u00e9tait plut\u00f4t enracin\u00e9 \u00e0 gauche, avec m\u00eame peu denseignants affich\u00e9s \u00e0 droite, et son premier directeur, \u00e0 la Lib\u00e9ration, Maurice Duverger, avait r\u00e9orient\u00e9 profond\u00e9ment son corpus did\u00e9es, apr\u00e8s s\u00eatre affich\u00e9 parmi les jeunesses doriotistes du PPF \u00e0 la fin des ann\u00e9es 1930. Apr\u00e8s Paris, Bordeaux Chaque jour, nos ing\u00e9nieurs d\u00e9veloppent des projets denvergure avec nos clients, pour r\u00e9pondre aux plus grands d\u00e9fis technologiques : v\u00e9hicule autonome, Big Data, Industrie 4.0, Smart Cities  La crise sanitaire naffectera pas les recettes de la grande majorit\u00e9 des communes Chercheur associ\u00e9 \u00e0 lIRIS, doctorant \u00e0 lUniversit\u00e9 de Lausanne <img src=\"http:\/\/www.infos-bordeaux.fr\/wp-content\/uploads\/2011\/12\/IEP.jpg\" alt=\"rencontres sciences po bordeaux sud ouest\" align=\"left\"> <img src=\"http:\/\/www.aqui.fr\/bib\/photos\/img_id_12156.jpg\" alt=\"rencontres sciences po bordeaux sud ouest\" align=\"left\">-Les partenariats \u00e0 linternational : en deuxi\u00e8me ann\u00e9e dans le cursus g\u00e9n\u00e9ral, on part vivre un an \u00e0 l\u00e9tranger. Sciences Po Bordeaux offre une multitude de choix pour sa mobilit\u00e9. Mon choix sest tourn\u00e9 vers Toronto par exemple. To browse Academia.edu and the wider internet faster and more securely, please take a few seconds to. Et dans ce contexte, la France, puissance spatiale, compte bien s\u00fbr, en comptant \u00e9galement sur lEurope et ses coop\u00e9rations, tirer son \u00e9pingle du jeu et garantir ses capacit\u00e9s souveraines. Voire les augmenter gr\u00e2ce \u00e0 Galileo, le GPS europ\u00e9en. Si le virus le permet, cest donc le 28 juin que se tiendra le deuxi\u00e8me tour des municipales pour environ 5 000 communes en France. La campagne des municipales sannonce totalement in\u00e9dite. Blandine Jannin analyse ce contexte avec son invit\u00e9 Jacques Palard, chercheur CNRS \u00e0 Sciences Po Bordeaux. Au d\u00e9part, il y a une page Facebook, une dizaine d\u00e9tudiants de et des blagues vraiment pas fines sur les f\u00e9ministes. Un mois s\u00e9coule et voil\u00e0 ces \u00e9tudiants presque \u00e0 la porte de l\u00e9cole, tandis que leur trouve des points communs avec DSK. Webconf\u00e9rence du 7 mai \u00e0 destination des parents d\u00e9l\u00e8ves  H\u00e9lo\u00efse Squelbut, responsable de lantenne Nord-Est de lInstitut Fran\u00e7ais pour la Justice restaurative, est dipl\u00f4m\u00e9e dun master Th\u00e9ories et Pratiques des droits humains et dun dipl\u00f4me universitaire de victimologie lors duquel elle a consacr\u00e9 son m\u00e9moire \u00e0 la Justice restaurative. Elle a dabord travaill\u00e9 deux ans en Am\u00e9rique Latine Organisation des Nations Unies-Politique \u00e9trang\u00e8re am\u00e9ricaine Communication et intelligence \u00e9conomique-Cyberstrat\u00e9gie-Terrorisme Le grand O de Val\u00e9rie P\u00e9cresse \u00e0 Sciences Po Bordeaux-Educpros Voici la r\u00e9action, elle aussi nuanc\u00e9e et argumentative, dun coll\u00e8gue : Je consid\u00e8re pour ma part que lexplication par les causes externes prolongement dune logique nationale de s\u00e9duction des jeunes par le FN rend certainement largement compte du ph\u00e9nom\u00e8ne, le probl\u00e8me \u00e9tant plut\u00f4t de savoir pourquoi cela ne sest pas produit plus t\u00f4t \u00e0 lIEP Cela dit cela nemp\u00eache pas de se pencher sur notre cher \u00e9tablissement comme tu le fais : l\u00e0 je dirai que mon \u00e9tonnement est plut\u00f4t de constater que, quoiquon fasse pour d\u00e9velopper un esprit critique chez nos jeunes, pour les inviter \u00e0 monter en g\u00e9n\u00e9ralit\u00e9, pour apercevoir la complexit\u00e9 des probl\u00e8mes, on voit toujours resurgir les dogmatismes de gauche comme de droite qui en reviennent toujours \u00e0 des id\u00e9es simplistes, voire \u00e0 des fadaises pure et simple cela sen exclure naturellement les effets de syst\u00e8me qui font que les individus trouvent des opportunit\u00e9s dans les mouvements politiques notamment et quils sy conforment ensuite selon des logiques qui allient en doses variables les croyances et lopportunisme, car cest le militant qui fait le parti, mais cest aussi le parti qui fait le militant Le nom de Cercle Charles-P\u00e9guy a \u00e9t\u00e9 choisi, ce qui nest pas original puisque le Lyonnais que je suis a bien connu dans sa jeunesse \u00e0 la fin des ann\u00e9es 1960 un Cercles Charles-P\u00e9guy o\u00f9 se retrouvaient, entre autres, de grandes figures des classes pr\u00e9paratoires ou des terminales des lyc\u00e9es du Parc et Amp\u00e8re, proches de ce quon appellerait aujourdhui la droite dure. .<\/p>\n","protected":false},"excerpt":{"rendered":"<p>rencontres sciences po bordeaux sud ouest<\/p>\n","protected":false},"author":1,"featured_media":0,"comment_status":"closed","ping_status":"closed","sticky":false,"template":"","format":"standard","meta":[],"categories":[1],"tags":[],"_links":{"self":[{"href":"https:\/\/prontointernational.org\/img\/wp-json\/wp\/v2\/posts\/4445"}],"collection":[{"href":"https:\/\/prontointernational.org\/img\/wp-json\/wp\/v2\/posts"}],"about":[{"href":"https:\/\/prontointernational.org\/img\/wp-json\/wp\/v2\/types\/post"}],"author":[{"embeddable":true,"href":"https:\/\/prontointernational.org\/img\/wp-json\/wp\/v2\/users\/1"}],"replies":[{"embeddable":true,"href":"https:\/\/prontointernational.org\/img\/wp-json\/wp\/v2\/comments?post=4445"}],"version-history":[{"count":1,"href":"https:\/\/prontointernational.org\/img\/wp-json\/wp\/v2\/posts\/4445\/revisions"}],"predecessor-version":[{"id":4446,"href":"https:\/\/prontointernational.org\/img\/wp-json\/wp\/v2\/posts\/4445\/revisions\/4446"}],"wp:attachment":[{"href":"https:\/\/prontointernational.org\/img\/wp-json\/wp\/v2\/media?parent=4445"}],"wp:term":[{"taxonomy":"category","embeddable":true,"href":"https:\/\/prontointernational.org\/img\/wp-json\/wp\/v2\/categories?post=4445"},{"taxonomy":"post_tag","embeddable":true,"href":"https:\/\/prontointernational.org\/img\/wp-json\/wp\/v2\/tags?post=4445"}],"curies":[{"name":"wp","href":"https:\/\/api.w.org\/{rel}","templated":true}]}}