{"id":4473,"date":"2020-09-29T18:50:58","date_gmt":"2020-09-29T18:50:58","guid":{"rendered":"http:\/\/prontointernational.org\/img\/?p=4473"},"modified":"2020-09-23T06:57:37","modified_gmt":"2020-09-23T06:57:37","slug":"rencontre-du-pape-francois-et-de-benoit-xvi","status":"publish","type":"post","link":"https:\/\/prontointernational.org\/img\/2020\/09\/29\/rencontre-du-pape-francois-et-de-benoit-xvi\/","title":{"rendered":"Rencontre Du Pape Fran\u00e7ois Et De Beno\u00eet Xvi"},"content":{"rendered":"<p>Et sur le plan institutionnel, social, et religieux, la ressemblance est aussi frappante lorsquon observe aujourdhui la secte marrane vaticandEUesque, prototype de la religion mondiale au service du N\u00e9o-sacerdoce du Nouvel ordre cosmopolite. Cat\u00e9ch\u00e8se du pape Fran\u00e7ois sur les Actes des Ap\u00f4tres 2 Vous naviguez sur le nouveau site Aller au contenu principal Aller au pied de page Des \u00e9quipes tr\u00e8s sollicit\u00e9es qui ont connu un grand turn-over ces derniers temps. En quatre ans de mandat, jai travaill\u00e9 avec trois directeurs de la salle de presse, et deux Pr\u00e9fets du Dicast\u00e8re de la Communication, une structure unique souhait\u00e9e par le pape Fran\u00e7ois pour optimiser loffre \u00e9ditoriale et les diff\u00e9rents supports m\u00e9diatiques officiels. <img src=\"http:\/\/www.20min.ch\/diashow\/68247\/68247-KxKLWunR_dKdEMrqu6oblw.jpg\" alt=\"rencontre du pape fran\u00e7ois et de beno\u00eet xvi\" align=\"right\"> <img src=\"http:\/\/img.radio-canada.ca\/2013\/03\/18\/635x357\/AFP_130318_im16e_cristina-fernandez-pape_sn635.jpg\" alt=\"rencontre du pape fran\u00e7ois et de beno\u00eet xvi\" align=\"left\"> Thriller annonc\u00e9 comme tr\u00e8s angoissant et plut\u00f4t salu\u00e9 par les critiques, Lost Girls lance Amy Ryan Late Night et Thomasin Mackenzie Leave no trace sur la piste dun serial killer amateur de jeunes filles. Une production annonc\u00e9e comme hant\u00e9e et habit\u00e9e, inspir\u00e9e dune v\u00e9ritable affaire de meurtres. La cause premi\u00e8re de ce type dinitiative remonte aux textes du concile Vatican II, plus sp\u00e9cialement \u00e0 la D\u00e9claration sur la libert\u00e9 religieuse Dignitatis humanae, 7 d\u00e9cembre 1965. La doctrine de ce document aboutit \u00e0 un certain indiff\u00e9rentisme, puisquil relativise la n\u00e9cessit\u00e9 dappartenir \u00e0 lEglise catholique pour \u00eatre sauv\u00e9. En notre bon XXI\u00e8me si\u00e8cle les pi\u00e8ges et leurres d\u00e9moniaques ne manquent pas. On peut m\u00eame dire quils sont l\u00e9gions. De lIslam \u00e0 l\u00e9tat la\u00efque ma\u00e7onnique, en passant par la R\u00e9publique Sacril\u00e8ge et toute la cohorte des fausses religions y compris la premi\u00e8re dentre elles : la secte marrane et conciliaire, rien ne manque pour faire perdre la boussole au meilleur des catholiques subsistants. Et ajoutez \u00e0 cela toute la fausse r\u00e9sistance catholique, brandissant comme une chim\u00e8re du pass\u00e9, la d\u00e9fense de la Messe et des sacrements il est symptomatique dobserver un regain inou\u00ef de ce th\u00e8me en d\u00e9but dann\u00e9e sur beaucoup de sites tradis, tout en reconnaissant l autorit\u00e9 des clercs? apostats vous aurez fait ainsi le tour de la d\u00e9bandade int\u00e9grale des intelligences, et m\u00eame, comme dit notre ami Omnibus, de la raison tout court quant au bon sens nen parlons m\u00eame plus! Cest dailleurs pour cette raison, entre autres, quil ny a plus de rem\u00e8de naturel et humain. Pr\u00e9sence surprise de Beno\u00eet XVI \u00e0 une c\u00e9r\u00e9monie \u00e0 Saint-Pierre  Nlen Cet abb\u00e9 peut bien sexcuser, et il est sans doute sinc\u00e8re, mais sil a un peu de charit\u00e9 pour la communaut\u00e9, il doit se retirer.. Beno\u00eet XVI a ent\u00e9rin\u00e9 le les dispositions de la lettre de la Congr\u00e9gation pour l\u00c9ducation et les a rendues effectives \u00e0 la date du. Ce texte, tout en r\u00e9it\u00e9rant la n\u00e9cessit\u00e9 d\u00e9viter \u00e0 l\u00e9gard des homosexuels toute marque de discrimination injuste, stipule que les s\u00e9minaristes se verront dor\u00e9navant soumis, au cours de leurs \u00e9tudes, \u00e0 une enqu\u00eate en vue de d\u00e9celer sils pratiquent lhomosexualit\u00e9, ou sils pr\u00e9sentent des tendances homosexuelles profond\u00e9ment enracin\u00e9es ou sils soutiennent ce quon appelle la culture gay. Cette enqu\u00eate sera r\u00e9alis\u00e9e sous lautorit\u00e9 de la hi\u00e9rarchie, https:myriamir.wordpress.com20200506message-de-notre-seigneur-jesus-christ-a-sa-fille-bien-aimee-luz-de-maria-3-mai-2020-je-vous-appelle-a-reparer-et-a-prier-pour-tous-les-blasphemes-que-les-hommes-proferent-contre-ma-divinite-attira Lintroduction et la conclusion ont \u00e9t\u00e9 attribu\u00e9es conjointement au pape \u00e0 la retraite et au cardinal Sarah, pr\u00e9fet de la Congr\u00e9gation pour le culte divin et les sacrements; le livre comporte deux autres chapitres, un attribu\u00e9 \u00e0 chacun deux seulement. <img src=\"http:\/\/www.fil-info-france.com\/francois_fillon_rencontre_pape_benoit_16_les_10_11_octobre_2009.JPG\" alt=\"rencontre du pape fran\u00e7ois et de beno\u00eet xvi\" align=\"right\"> Pour assurer la s\u00e9curit\u00e9 du pape qui entame vendredi une visite de quatre jours en France, et encadrer les 150 000 \u00e0 200 000 fid\u00e8les attendus, dimportants moyens de s\u00e9curit\u00e9 ont \u00e9t\u00e9 mobilis\u00e9s, \u00e0 Paris et \u00e0 Lourdes. Leave This Blank: Leave This Blank Too: Do Not Change This:  Entre 2005 et 2013, lallemand Joseph Ratzinger, plus connu sous le titre de Pape Beno\u00eet XVI, et son principal concurrent, le cardinal argentin Bergoglio lactuel pape Fran\u00e7ois se rencontrent plusieurs fois \u00e0 Rome pour \u00e9voquer lavenir de l\u00c9glise catholique et de la papaut\u00e9. Laust\u00e8re Ratzinger est alors pris dans la tourmente de plusieurs affaires mettant en cause le Vatican, et Bergoglio est rattrap\u00e9 par son pass\u00e9 en Argentine, o\u00f9 ses relations avec la dictature militaire entre 1976 et 1983 font lobjet de controverses. Malgr\u00e9 tout ce qui oppose ce pape traditionaliste et ce, une amiti\u00e9 va, petit \u00e0 petit, na\u00eetre entre les deux hommes que tout oppose  Le pape Fran\u00e7ois a d\u00e9j\u00e0 rendu hommage \u00e0 plusieurs reprises au pape \u00e9m\u00e9rite Beno\u00eet XVI, auquel il a t\u00e9l\u00e9phon\u00e9 le soir m\u00eame de son \u00e9lection mercredi. D\u00e8s sa premi\u00e8re apparition mercredi soir sur le balcon de la basilique Saint-Pierre, il avait salu\u00e9 son pr\u00e9d\u00e9cesseur. Merci! Et tout dabord, je voudrais prier pour notre \u00e9v\u00eaque \u00e9m\u00e9rite, Beno\u00eet XVI. Prions tous ensemble pour lui afin que le Seigneur le b\u00e9nisse et que la Vierge le prot\u00e8ge, avait-il lanc\u00e9 \u00e0 la foule qui lacclamait. Vendredi, \u00e0 loccasion dune rencontre avec les cardinaux, il a rappel\u00e9 la bont\u00e9 et la douceur de son pr\u00e9d\u00e9cesseur, dont il a salu\u00e9 la d\u00e9mission en parlant dun geste courageux et humble.<\/p>\n","protected":false},"excerpt":{"rendered":"<p>rencontre du pape fran\u00e7ois et de beno\u00eet xvi<\/p>\n","protected":false},"author":1,"featured_media":0,"comment_status":"closed","ping_status":"closed","sticky":false,"template":"","format":"standard","meta":[],"categories":[1],"tags":[],"_links":{"self":[{"href":"https:\/\/prontointernational.org\/img\/wp-json\/wp\/v2\/posts\/4473"}],"collection":[{"href":"https:\/\/prontointernational.org\/img\/wp-json\/wp\/v2\/posts"}],"about":[{"href":"https:\/\/prontointernational.org\/img\/wp-json\/wp\/v2\/types\/post"}],"author":[{"embeddable":true,"href":"https:\/\/prontointernational.org\/img\/wp-json\/wp\/v2\/users\/1"}],"replies":[{"embeddable":true,"href":"https:\/\/prontointernational.org\/img\/wp-json\/wp\/v2\/comments?post=4473"}],"version-history":[{"count":1,"href":"https:\/\/prontointernational.org\/img\/wp-json\/wp\/v2\/posts\/4473\/revisions"}],"predecessor-version":[{"id":4475,"href":"https:\/\/prontointernational.org\/img\/wp-json\/wp\/v2\/posts\/4473\/revisions\/4475"}],"wp:attachment":[{"href":"https:\/\/prontointernational.org\/img\/wp-json\/wp\/v2\/media?parent=4473"}],"wp:term":[{"taxonomy":"category","embeddable":true,"href":"https:\/\/prontointernational.org\/img\/wp-json\/wp\/v2\/categories?post=4473"},{"taxonomy":"post_tag","embeddable":true,"href":"https:\/\/prontointernational.org\/img\/wp-json\/wp\/v2\/tags?post=4473"}],"curies":[{"name":"wp","href":"https:\/\/api.w.org\/{rel}","templated":true}]}}