{"id":4487,"date":"2020-09-29T20:05:25","date_gmt":"2020-09-29T20:05:25","guid":{"rendered":"http:\/\/prontointernational.org\/img\/?p=4487"},"modified":"2020-09-23T07:21:41","modified_gmt":"2020-09-23T07:21:41","slug":"rencontre-femme-jarnac","status":"publish","type":"post","link":"https:\/\/prontointernational.org\/img\/2020\/09\/29\/rencontre-femme-jarnac\/","title":{"rendered":"Rencontre Femme Jarnac"},"content":{"rendered":"<p>Alain Braastad, Les mille ans de l\u00c9glise de Jarnac, Les Presses de Plein Chant \u00e0 Bassac, mars 1999 Autoplay When autoplay is enabled, a suggested video will automatically play next.  Bonjour tr\u00e8s cher vous. Moi cest Cannelle, ou Ptite canaille, ahahah. Je suis en couple depuis de trop nombreuses ann\u00e9es pour palpiter sexuellement. Je suis une jeune femme pleine d\u00e9nergie et de tendresse. MixFeever, cest la radio locale num\u00e9rique \u00e0 Jarnac et totalement gratuite! Merci de nous d\u00e9crire pr\u00e9cis\u00e9ment ce qui vous para\u00eet ill\u00e9gal dans ce message. <img src=\"http:\/\/www.fortezxza.tk\/upload\/espace\/1\/visuel\/declinaisons\/1727_6811_ScreenShot030118at11.09AM_large_large.PNG\" alt=\"rencontre femme jarnac\" align=\"left\"> Je chercher une relation s\u00e9rieuse 18 \u00e0 25 ans. Voil\u00e0 <img src=\"http:\/\/www.internationalrbar.tk\/13356-large_default\/native-instruments-maschine-mk3.jpg\" alt=\"rencontre femme jarnac\" align=\"center\">  Je viens de suivre une reconversion professionnelle en relation avec les enfants et maintenant je suis op\u00e9rationnelle. De plus je suis une mamie aimante et attentionn\u00e9e, mes petits enfants sont ravis que je les garde de temps en temps car ils sont encore petits 22 mois et 19 mois. Jattends donc vos offres, je me d\u00e9place \u00e0 votre domicile et je moccupe de vos enfants, jadore les enfants, jouer avec eux, leur faire les petits repas quils aiment sans pour autant les gaver de sucre et de m.. Coucou, ya quelquun. Je viens de minscrire sur le service pour rencontrer un homme entre 35 et 55 ans. Avec Roxanne Comiotto au chant, Judica\u00eblle Giraudeau-Bureau au clavecin et Nicolas Michenaud au violoncelle. Situations musicales privil\u00e9gi\u00e9es, les auditions de No\u00ebl invitent les \u00e9l\u00e8ves \u00e0 vivre une exp\u00e9rience dartiste musicien, en pr\u00e9sence de leur famille Bonjour. Je crois que pour \u00eatre polie, il faut que je commence par me pr\u00e9senter. Donc moi, je mappelle Anne et jai 27 ans. Si vous \u00eates int\u00e9ress\u00e9s merci de me contacter par sms ou mail de pr\u00e9f\u00e9rence. En 2017, la commune comptait 4 403 habitants, en diminution de 0,36 par rapport \u00e0 2012 :-0,37, hors : 2,36. Comme \u00e0 son habitude, ce gouvernement veut passer en force en avan\u00e7ant et en brouillant les pistes. Nous recherchons un couple pour echange, ou un couple avec femme bi. En toute discr\u00e9tion Gavotte de la Symphonie classique de Sergei Prokofiev Bonjour moi cest Virginie je nai pas lhabitude de ce genre de choses mais je veux faire des rencontres alors jai tent\u00e9 le coup! <img src=\"http:\/\/viedesclubs.charentelibre.fr\/var\/lvdc\/storage\/images\/clubs\/les-patineurs-d-angouleme-section-roller\/actualites\/diwezhan-abadenn-pour-le-rink-angoumoisin\/573777-2-fre-FR\/diwezhan-abadenn-pour-le-rink-angoumoisin.jpg\" alt=\"rencontre femme jarnac\" align=\"left\">  Je suis de nature tr\u00e8s patiente et jaime \u00e9norm\u00e9ment rire.<\/p>\n","protected":false},"excerpt":{"rendered":"<p>rencontre femme jarnac<\/p>\n","protected":false},"author":1,"featured_media":0,"comment_status":"closed","ping_status":"closed","sticky":false,"template":"","format":"standard","meta":[],"categories":[1],"tags":[],"_links":{"self":[{"href":"https:\/\/prontointernational.org\/img\/wp-json\/wp\/v2\/posts\/4487"}],"collection":[{"href":"https:\/\/prontointernational.org\/img\/wp-json\/wp\/v2\/posts"}],"about":[{"href":"https:\/\/prontointernational.org\/img\/wp-json\/wp\/v2\/types\/post"}],"author":[{"embeddable":true,"href":"https:\/\/prontointernational.org\/img\/wp-json\/wp\/v2\/users\/1"}],"replies":[{"embeddable":true,"href":"https:\/\/prontointernational.org\/img\/wp-json\/wp\/v2\/comments?post=4487"}],"version-history":[{"count":1,"href":"https:\/\/prontointernational.org\/img\/wp-json\/wp\/v2\/posts\/4487\/revisions"}],"predecessor-version":[{"id":4488,"href":"https:\/\/prontointernational.org\/img\/wp-json\/wp\/v2\/posts\/4487\/revisions\/4488"}],"wp:attachment":[{"href":"https:\/\/prontointernational.org\/img\/wp-json\/wp\/v2\/media?parent=4487"}],"wp:term":[{"taxonomy":"category","embeddable":true,"href":"https:\/\/prontointernational.org\/img\/wp-json\/wp\/v2\/categories?post=4487"},{"taxonomy":"post_tag","embeddable":true,"href":"https:\/\/prontointernational.org\/img\/wp-json\/wp\/v2\/tags?post=4487"}],"curies":[{"name":"wp","href":"https:\/\/api.w.org\/{rel}","templated":true}]}}