{"id":4657,"date":"2020-09-29T23:15:38","date_gmt":"2020-09-29T23:15:38","guid":{"rendered":"http:\/\/prontointernational.org\/img\/?p=4657"},"modified":"2020-09-23T13:50:40","modified_gmt":"2020-09-23T13:50:40","slug":"rencontres-avenir-professionnel","status":"publish","type":"post","link":"https:\/\/prontointernational.org\/img\/2020\/09\/29\/rencontres-avenir-professionnel\/","title":{"rendered":"Rencontres Avenir Professionnel"},"content":{"rendered":"<p>La d\u00e9clinaison r\u00e9gionale de cette journ\u00e9e nationale porte sur LInnovation Sociale et environnementale pour r\u00e9pondre aux besoins de nos territoires en faisant autrement, ensemble-Marie-H\u00e9l\u00e8ne Bensadoun, Avocat Associ\u00e9 au sein du groupe Droit social chez August Debouzy. Rencontre \u00e9cole-entreprise pour la fili\u00e8re ASSP du Lyc\u00e9e L\u00e9onard de Vinci de Saint Michel sur Orge-AFAJE Acc\u00e9dez aux donn\u00e9es historiques en illimit\u00e9 et sans publicit\u00e9.   Les Rencontres de lAlternance-Actualit\u00e9s Nancy-Pigier Rencontres internationales lyc\u00e9ennes de la radioprotection Suite au passage au stade 2 de la strat\u00e9gie dendiguement du Coronavirus en France, les \u00c9tats g\u00e9n\u00e9raux de lApprentissage sont report\u00e9s au 2 juin 2020. Le village sera organis\u00e9 autour de cinq p\u00f4les : recrutement, s\u00e9curit\u00e9 publique, s\u00e9curit\u00e9 routi\u00e8re, secours intervention durgence et gestes qui sauvent Sur le p\u00f4le s\u00e9curit\u00e9 routi\u00e8re Le but est de rendre la formation professionnelle accessible \u00e0 tous et moins complexe quaujourdhui. Recevez tous les jours le billet politique de Laurent Joffrin \u00c9lus, agents de collectivit\u00e9s, repr\u00e9sentants de Carif-Oref et dorganismes de formation, ils sont venus de Guyane, Martinique, Guadeloupe, Saint-Martin, Mayotte et La R\u00e9union, et se sont r\u00e9unis dans le cadre de lUniversit\u00e9 dhiver de la formation professionnelle, organis\u00e9e par Centre Inffo. <img src=\"http:\/\/pro.ovh.net\/~lyceemerq\/spip\/local\/cache-vignettes\/L600xH450\/rencontre_azubi-232eb.jpg\" alt=\"rencontres avenir professionnel\" align=\"center\"> 27 janv. 2019 Latelier Avenir assiste aux rencontres de lenseignement professionnel-Mardi 22 janvier \u00e0 la Sorbonne Nous avons de la chance car nous ne sommes qu\u00e0 laube de ce nouveau jour Art L. 5213-19-1-Un d\u00e9cret en Conseil dEtat d\u00e9termine les conditions dapplication de la pr\u00e9sente sous-section, notamment : 1 Les conditions dex\u00e9cution, de suivi, de renouvellement et du contr\u00f4le des contrats pluriannuels dobjectifs et de moyens mentionn\u00e9s \u00e0 larticle L. 5213-13 ainsi que leurs modalit\u00e9s de suspension ou de d\u00e9nonciation ; 2 Les modalit\u00e9s de laccompagnement sp\u00e9cifique mentionn\u00e9 \u00e0 larticle L. 5213-13-1 ; 3 Les modalit\u00e9s de d\u00e9termination, dattribution et de versement des aides financi\u00e8res de lEtat mentionn\u00e9es \u00e0 larticle L. 5213-19 et les r\u00e8gles de non-cumul. <img src=\"http:\/\/pestcontrolmaroc.com\/assets\/presse1-2.jpg\" alt=\"rencontres avenir professionnel\" align=\"right\"> <img src=\"http:\/\/img.over-blog-kiwi.com\/0\/89\/94\/77\/20150104\/ob_102847_1982155-1397101190564683-879655484-n.jpg\" alt=\"rencontres avenir professionnel\" align=\"right\"> Dossier de presse, t\u00e9moignages, chiffres, actions de terrain Art L. 6332-2-Une convention dobjectifs et de moyens est conclue entre chaque op\u00e9rateur de comp\u00e9tences et lEtat. Elle pr\u00e9voit les modalit\u00e9s de financement, le cadre daction ainsi que les objectifs et les r\u00e9sultats attendus des op\u00e9rateurs dans la conduite de leurs missions d\u00e9finies \u00e0 larticle L 6332-1. Cette convention est rendue publique \u00e0 sa signature et \u00e0 son renouvellement. Un d\u00e9cret d\u00e9termine le contenu, la p\u00e9riodicit\u00e9 ainsi que les modalit\u00e9s d\u00e9valuation de ces conventions. ;  COVID-19 : Les concours dadmission sont maintenus.<\/p>\n","protected":false},"excerpt":{"rendered":"<p>rencontres avenir professionnel<\/p>\n","protected":false},"author":1,"featured_media":0,"comment_status":"closed","ping_status":"closed","sticky":false,"template":"","format":"standard","meta":[],"categories":[1],"tags":[],"_links":{"self":[{"href":"https:\/\/prontointernational.org\/img\/wp-json\/wp\/v2\/posts\/4657"}],"collection":[{"href":"https:\/\/prontointernational.org\/img\/wp-json\/wp\/v2\/posts"}],"about":[{"href":"https:\/\/prontointernational.org\/img\/wp-json\/wp\/v2\/types\/post"}],"author":[{"embeddable":true,"href":"https:\/\/prontointernational.org\/img\/wp-json\/wp\/v2\/users\/1"}],"replies":[{"embeddable":true,"href":"https:\/\/prontointernational.org\/img\/wp-json\/wp\/v2\/comments?post=4657"}],"version-history":[{"count":1,"href":"https:\/\/prontointernational.org\/img\/wp-json\/wp\/v2\/posts\/4657\/revisions"}],"predecessor-version":[{"id":4658,"href":"https:\/\/prontointernational.org\/img\/wp-json\/wp\/v2\/posts\/4657\/revisions\/4658"}],"wp:attachment":[{"href":"https:\/\/prontointernational.org\/img\/wp-json\/wp\/v2\/media?parent=4657"}],"wp:term":[{"taxonomy":"category","embeddable":true,"href":"https:\/\/prontointernational.org\/img\/wp-json\/wp\/v2\/categories?post=4657"},{"taxonomy":"post_tag","embeddable":true,"href":"https:\/\/prontointernational.org\/img\/wp-json\/wp\/v2\/tags?post=4657"}],"curies":[{"name":"wp","href":"https:\/\/api.w.org\/{rel}","templated":true}]}}