{"id":4672,"date":"2020-09-29T23:34:01","date_gmt":"2020-09-29T23:34:01","guid":{"rendered":"http:\/\/prontointernational.org\/img\/?p=4672"},"modified":"2020-09-23T14:25:50","modified_gmt":"2020-09-23T14:25:50","slug":"salon-rencontre-jardins-saint-tropez","status":"publish","type":"post","link":"https:\/\/prontointernational.org\/img\/2020\/09\/29\/salon-rencontre-jardins-saint-tropez\/","title":{"rendered":"Salon Rencontre Jardins Saint Tropez"},"content":{"rendered":"<p>11 h : atelier RecupArt. Stand 299 ; 14 h : atelier RecupArt. Stand 299 ; 15 h : conf\u00e9rence L\u00e9nergiologie, un autre regard sur notre sant\u00e9 ; atelier de fabrication de cr\u00eapes et glaces bio. Stand 60 enfants ; 16 h : atelier conservatoire des Ocres et du Roussillon, techniques de peinture \u00e0 la chaux. Stand 298 ; 17 h : conf\u00e9rence Am\u00e9nager un jardin Feng Shui Le Palais des Congr\u00e8s de Tours Lun des plus grand Palais des Congr\u00e8s de France propose tout au.. Le stand iB\u00e9ton by Cyril Claire St Tropez Septembre 2010 Rencontre de Jardins : Am\u00e9nagement ext\u00e9rieur-Jardin-Environnement H\u00f4tel Lou Pinet-Saint-Tropez-Jardin Terrasses Matthieu Salvaing Votre demande dinscription aux newsletters de Nice-Matin et Var-Matin \u00e0 bien \u00e9t\u00e9 prise en compte. <img src=\"http:\/\/levarois.com\/wp-content\/uploads\/2013\/09\/Droits-LeVarois.com-7.jpg\" alt=\"salon rencontre jardins saint tropez\" align=\"left\">  L hotel met \u00e0 la disposition de ses clients 9 salles de r\u00e9union partant de la salle de conseil pour 20 persones, \u00e0 la salle pl\u00e9ni\u00e8re de 200 places. Toutes sont insonoris\u00e9es et climatis\u00e9es. <img src=\"http:\/\/www.mesanges.com\/images\/photos_xlarge\/bandeau1claudiocolombo.jpg\" alt=\"salon rencontre jardins saint tropez\" align=\"left\"> Interrog\u00e9 par Le Figaro, son avocat, Ma\u00eetre Herv\u00e9 T\u00e9mime, affirmait au d\u00e9but du mois de d\u00e9cembre navoir \u00e0 ce jour aucune nouvelle de ces enqu\u00eates. Et dassurer : ce qui est \u00e9voqu\u00e9 ne correspond pas \u00e0 la r\u00e9alit\u00e9 et les enqu\u00eates judiciaires permettront de le d\u00e9montrer. De son c\u00f4t\u00e9, le chanteur, qui navait fait aucun commentaire sur laffaire, a tout de m\u00eame finalement et rapidement \u00e9voqu\u00e9 les enqu\u00eates dont il fait lobjet lors dune interview accord\u00e9e \u00e0 Paris Match. Tant que je nai pas eu acc\u00e8s au dossier, tant que je nai pas vu un juge, je ne peux pas mexprimer, a d\u00e9clar\u00e9 Patrick Bruel dans les colonnes du magazine. Site www.salon-automne-paris.com voir sculpture Denis Toffy Louez votre voiture en ligne : GA_googleFillSlotEuropcar_468_60 ; Jaccepte les termes et conditions expos\u00e9s dans la Dans le cadre de Marseille, Capitale Europ\u00e9enne de la Culture en 2013.   <img src=\"http:\/\/www.byblos.com\/wp-content\/uploads\/hotel-byblos-sainttropez-piscine-exterieur-300x300.jpg\" alt=\"salon rencontre jardins saint tropez\" align=\"left\"> EHPAD Mille Soleils \u00e0 Le Muy, Maison de Retraite Var 83-Groupe Emera Lexposition annuelle dartistes et de designers, sur le th\u00e8me des fontaines et jets deau. En vous inscrivant, vous acceptez la Politique de con\ufb01dentialit\u00e9 de CDISCOUNT accessible via le lien suivant : SUPERHOST Chambre priv\u00e9e 2 voyageurs 1 lit 1,5 salle de bain A noter \u00e9galement que lambiance en nocturne, cest joli comme tout! Et puis la journ\u00e9e il fait encore assez chaud donc mon petit conseil serait dy aller en fin dapr\u00e8s-midi, pour pouvoir profiter des \u00e9clairages le soir. Ile dor, \u00eele dHy\u00e8res, du sud, de la m\u00e9diterran\u00e9e, rapidement accessible en bateau par la presqu\u00eele.. Taille du texte D\u00e9coration, jardins et saveurs.. Ne ratez pas les 2 salons C\u00f4t\u00e9 Sud pour vivre la Provence avec un grand P M\u00eame lieu que les ann\u00e9es pr\u00e9c\u00e9dentes : La grande salle du complexe sportif des Blaqui\u00e8res \u00e0 Grimaud. Informations sur les exposants du salon&#8230;&#8230;&#8230;&#8230;&#8230;&#8230;&#8230;&#8230;&#8230;&#8230;&#8230;&#8230;&#8230;&#8230;&#8230;&#8230;&#8230;&#8230;&#8230;&#8230;&#8230;&#8230;&#8230;&#8230;&#8230;&#8230;&#8230;&#8230;&#8230;&#8230;&#8230;&#8230;&#8230;&#8230;&#8230;. Ouverte en 2014, la ligne 2 du Tramway de Besan\u00e7on permet de relier le quartier des.. These cookies collect information that is used either in aggregate form to help us understand how our website is being used or how effective our marketing campaigns are, or to help us customize our website and application for you in order to enhance your experience. A loccasion de la F\u00eate de la musique, lassociation le CAP pr\u00e9pare une nouvelle s\u00e9rie de concerts dans le cadre du tr\u00e8s attendu festival DO YOU SAINT-TROPEZ. Apr\u00e8s deux \u00e9ditions plus que r\u00e9ussies-la derni\u00e8re \u00e9dition avait rassembl\u00e9 un public de plus de 800 spectateurs par soir, et cedevant un parterre dune dizaine dartistes, tel que Charles Souchon, William Bald\u00e9, Micky Green, Elodie Fr\u00e9g\u00e9, le groupe Nouvelle Vague-le festival reviendra encore plus fort cette ann\u00e9e avec des show cases acoustiques et des performances musicales en live, pour une troisi\u00e8me \u00e9dition pleine de surprises!<\/p>\n","protected":false},"excerpt":{"rendered":"<p>salon rencontre jardins saint tropez<\/p>\n","protected":false},"author":1,"featured_media":0,"comment_status":"closed","ping_status":"closed","sticky":false,"template":"","format":"standard","meta":[],"categories":[1],"tags":[],"_links":{"self":[{"href":"https:\/\/prontointernational.org\/img\/wp-json\/wp\/v2\/posts\/4672"}],"collection":[{"href":"https:\/\/prontointernational.org\/img\/wp-json\/wp\/v2\/posts"}],"about":[{"href":"https:\/\/prontointernational.org\/img\/wp-json\/wp\/v2\/types\/post"}],"author":[{"embeddable":true,"href":"https:\/\/prontointernational.org\/img\/wp-json\/wp\/v2\/users\/1"}],"replies":[{"embeddable":true,"href":"https:\/\/prontointernational.org\/img\/wp-json\/wp\/v2\/comments?post=4672"}],"version-history":[{"count":1,"href":"https:\/\/prontointernational.org\/img\/wp-json\/wp\/v2\/posts\/4672\/revisions"}],"predecessor-version":[{"id":4674,"href":"https:\/\/prontointernational.org\/img\/wp-json\/wp\/v2\/posts\/4672\/revisions\/4674"}],"wp:attachment":[{"href":"https:\/\/prontointernational.org\/img\/wp-json\/wp\/v2\/media?parent=4672"}],"wp:term":[{"taxonomy":"category","embeddable":true,"href":"https:\/\/prontointernational.org\/img\/wp-json\/wp\/v2\/categories?post=4672"},{"taxonomy":"post_tag","embeddable":true,"href":"https:\/\/prontointernational.org\/img\/wp-json\/wp\/v2\/tags?post=4672"}],"curies":[{"name":"wp","href":"https:\/\/api.w.org\/{rel}","templated":true}]}}