{"id":4709,"date":"2020-09-29T21:30:07","date_gmt":"2020-09-29T21:30:07","guid":{"rendered":"http:\/\/prontointernational.org\/img\/?p=4709"},"modified":"2020-09-23T15:09:19","modified_gmt":"2020-09-23T15:09:19","slug":"contes-et-rencontres-nyons-2013","status":"publish","type":"post","link":"https:\/\/prontointernational.org\/img\/2020\/09\/29\/contes-et-rencontres-nyons-2013\/","title":{"rendered":"Contes Et Rencontres Nyons 2013"},"content":{"rendered":"<p>Le 15 janvier : \u00e0 20h30 \u00e0 lEspace Ren\u00e9 Cassin au Pellerin 44 Du 17 au 20 octobre, cest la F\u00eate de l\u00e9nergie en Rh\u00f4ne-Alpes et Provence Alpes C\u00f4te dAzur. Les Conseillers Info <img src=\"http:\/\/www.subject.serenitynowmassagetherapy.com\/img\/400\/595b9b60e62e4-mpt-construction-toulouse-31000-1-400.jpg\" alt=\"contes et rencontres nyons 2013\" align=\"center\"> Festival Rencontres Internationales des Arts de lOralit\u00e9 au b\u00e9nin en 2019   samedi 12 mars \u00e0 21h00 : Duo de conteurs avec ValerEgouy les 13 et 14 d\u00e9cembre Formation sur le rythme de la parole au Festival Contes et Rencontres \u00e0 Nyons 26 de chez nous dans la Dr\u00f4me. Cette fois-ci David est accompagn\u00e9 par les 13 juin 2010 : contes du Jardin, la Coumette 65 <img src=\"http:\/\/2.bp.blogspot.com\/-by5fQOGQYe4\/UjdTeoIs_HI\/AAAAAAAABk4\/2X3EpkYHAoU\/s1600\/texture2.jpg\" alt=\"contes et rencontres nyons 2013\" align=\"left\"> Seri\u00e1 tan verai e tant crud? En Fran\u00e7a en 2020 lEstat auri\u00e1 chausit en consci\u00e9ncia de laissar morir lei vielhs dau covid 19. Lo setmanier dinvestigacion Le Canard Encha\u00een\u00e9 dins son edicion dau 19 dabriu va ditz. En mai daqu\u00f2 una circul\u00e0ria dau governament dau 19 de mar\u00e7 suggeri\u00e1 de pas laissar intrar ai servicis de reanimacion leis ancians. Vaqui, votre \u00e9mission hebdomadaire en Lenga dOc, est pr\u00e9sent\u00e9e par Fr\u00e9d\u00e9ric Souli\u00e9 et diffus\u00e9e le dimanche \u00e0 10h40 sur France 3 Provence Alpes C\u00f4tes dAzur. Depuis plus de vingt ans Vaqui fait d\u00e9couvrir la langue doc sous ses diff\u00e9rentes formes dialectales, le proven\u00e7al, le ni\u00e7ois et le vivaro-alpin. Jai linfini \u00e0 ma port\u00e9e. Je le vois, je le sens, je le touche, je men nourris et je sais que je D\u00e8s samedi matin, un petit tour dhistoire et de botanique permettra aux novices de plonger au coeur de la fabrication du chocolat avec L\u00e9a pour la Chocolaterie Aline G\u00e9hant. Les incertitudes sur laccueil des artistes \u00e9trangers et sur les conditions des concerts in situ nous ont contraints dannuler avec regret l\u00e9dition d\u00e9t\u00e9 du 23\u00e8me festival Vochora. Motiv\u00e9s par la n\u00e9cessit\u00e9 de relancer la vie culturelle et artistique dans nos territoires, et de retrouver au plus t\u00f4t le plaisir du spectacle vivant, lassociation Vochora travaille au report du festival du 17 au 31 octobre, pendant les vacances de la Toussaint. <img src=\"http:\/\/img.over-blog.com\/199x300\/2\/26\/55\/34\/affiches\/27-fev-au-1er-mars-2014-FESTIVAL-CONTES-MJC.jpg\" alt=\"contes et rencontres nyons 2013\" align=\"center\">  02.02.2010 Hachachi Foyer rural LE-Melle-Sur-Sarthe 61 samedi 18 janvier : 42.195 \u00e0 18h30 \u00e0 la m\u00e9diath\u00e8que St John Perse \u00e0 Aubervilliers dans le cadre du festival Histoires Communes \u039b\u03ac\u03b2\u03b5\u03c4\u03b5 \u03c5\u03c0\u03cc\u03c8\u03b9\u03bd: \u03b1\u03c5\u03c4\u03ae \u03b7 \u03bc\u03c0\u03b1\u03c4\u03b1\u03c1\u03af\u03b1 \u03bc\u03c0\u03bf\u03c1\u03b5\u03af \u03bd\u03b1 \u03c6\u03bf\u03c1\u03c4\u03af\u03c3\u03b5\u03b9 \u03ad\u03bd\u03b1 \u03bb\u03ac\u03c0\u03c4\u03bf\u03c0 \u03bc\u03ad\u03c7\u03c1\u03b9 65W. \u039b\u03ac\u03c0\u03c4\u03bf\u03c0 \u03c0\u03bf\u03c5 \u03b1\u03c0\u03b1\u03b9\u03c4\u03bf\u03cd\u03bd \u03c0\u03b5\u03c1\u03b9\u03c3\u03c3\u03cc\u03c4\u03b5\u03c1\u03b7 \u03b5\u03bd\u03ad\u03c1\u03b3\u03b5\u03b9\u03b1 \u03bc\u03c0\u03bf\u03c1\u03b5\u03af \u03bd\u03b1 \u03c6\u03bf\u03c1\u03c4\u03af\u03b6\u03bf\u03c5\u03bd \u03c0\u03b9\u03bf \u03b1\u03c1\u03b3\u03ac:.<\/p>\n","protected":false},"excerpt":{"rendered":"<p>contes et rencontres nyons 2013<\/p>\n","protected":false},"author":1,"featured_media":0,"comment_status":"closed","ping_status":"closed","sticky":false,"template":"","format":"standard","meta":[],"categories":[1],"tags":[],"_links":{"self":[{"href":"https:\/\/prontointernational.org\/img\/wp-json\/wp\/v2\/posts\/4709"}],"collection":[{"href":"https:\/\/prontointernational.org\/img\/wp-json\/wp\/v2\/posts"}],"about":[{"href":"https:\/\/prontointernational.org\/img\/wp-json\/wp\/v2\/types\/post"}],"author":[{"embeddable":true,"href":"https:\/\/prontointernational.org\/img\/wp-json\/wp\/v2\/users\/1"}],"replies":[{"embeddable":true,"href":"https:\/\/prontointernational.org\/img\/wp-json\/wp\/v2\/comments?post=4709"}],"version-history":[{"count":1,"href":"https:\/\/prontointernational.org\/img\/wp-json\/wp\/v2\/posts\/4709\/revisions"}],"predecessor-version":[{"id":4710,"href":"https:\/\/prontointernational.org\/img\/wp-json\/wp\/v2\/posts\/4709\/revisions\/4710"}],"wp:attachment":[{"href":"https:\/\/prontointernational.org\/img\/wp-json\/wp\/v2\/media?parent=4709"}],"wp:term":[{"taxonomy":"category","embeddable":true,"href":"https:\/\/prontointernational.org\/img\/wp-json\/wp\/v2\/categories?post=4709"},{"taxonomy":"post_tag","embeddable":true,"href":"https:\/\/prontointernational.org\/img\/wp-json\/wp\/v2\/tags?post=4709"}],"curies":[{"name":"wp","href":"https:\/\/api.w.org\/{rel}","templated":true}]}}