{"id":4715,"date":"2020-09-29T21:30:21","date_gmt":"2020-09-29T21:30:21","guid":{"rendered":"http:\/\/prontointernational.org\/img\/?p=4715"},"modified":"2020-09-23T15:16:51","modified_gmt":"2020-09-23T15:16:51","slug":"yoga-rencontrer-la-tradition","status":"publish","type":"post","link":"https:\/\/prontointernational.org\/img\/2020\/09\/29\/yoga-rencontrer-la-tradition\/","title":{"rendered":"Yoga Rencontrer La Tradition"},"content":{"rendered":"<p>La d\u00e9couverte, la connaissance et la ma\u00eetrise de son p\u00e9rin\u00e9e-un abri de jardin \u00e0 proximit\u00e9 de la yourte daccueil Tant que lon veut que lenvironnement soit diff\u00e9rent, linsatisfaction demeure. Que mon mari devienne exactement ce que je d\u00e9sire de lui, le lendemain autre chose manquera quand m\u00eame Ce que je demande \u00e0 mon mari, \u00e0 mon chameau cest moi-m\u00eame. Cela, aucun chameau ne peut me le donner. Dans linstant o\u00f9 je nattends plus rien de quoi que ce soit, y compris de moi-m\u00eame, je r\u00e9alise qu\u00e9couter est ma s\u00e9curit\u00e9, ma jouissance, ma satisfaction. Je nai plus besoin que lon m\u00e9coute, que lon maime ou me d\u00e9teste ; je comprends, je respecte la fa\u00e7on dont le monde me voit il a ses raisons. <img src=\"http:\/\/www.traditional-ayurveda.com\/images\/yoga-mediter\/enfants-meditation.jpg\" alt=\"yoga rencontrer la tradition\" align=\"left\"> les aide \u00e0 r\u00e9int\u00e9grer not re mode de vi e traditionnel. <img src=\"http:\/\/gymetyogamagenta.com\/wp-content\/uploads\/2017\/04\/img_7937-640x400.jpg\" alt=\"yoga rencontrer la tradition\" align=\"right\"> Cette pratique est divis\u00e9e en niveau :Vinyasa doux ; Tous niveaux : Interm\u00e9diaire pratique avanc\u00e9e Maison des associations, 80 rue du Port Boyer, Nantes Un tapis de yoga, un ou deux coussins ou oreillers, une couverture ou plaid pour la relaxation, une sangle de yoga ou une longue \u00e9charpe. Ces philosophes cachemiriens, entre les VIII e et XIII e si\u00e8cles, abord\u00e8rent le sujet de la Vibration avec une originalit\u00e9 et une profondeur remarquables qui, aujourdhui Toutes les semaines, je propose des th\u00e9matiques: inversions, \u00e9quilibre, prendre soin de son dos, un aspect culturel indien, un mantra  <img src=\"http:\/\/urstore.ca\/blog\/wp-content\/uploads\/2017\/04\/Screen-Shot-2017-04-02-at-7.51.59-PM.png\" alt=\"yoga rencontrer la tradition\" align=\"center\"> Parall\u00e8lement, jai suivi avec grand plaisir de nombreux stages avec Andr\u00e9 Van Lysebeth Swami Suryananda, lun des plus actifs pionniers du yoga pour lOccident. Dans ces groupes, laccent est mis sur lexp\u00e9rience v\u00e9cue plus que sur lacquisition de connaissances. Les techniques utilis\u00e9es, quelles soient physiques travail corporel danse libre, yoga, m\u00e9ditation dynamiques psychologiques jeux de rencontre avec lautre, travail sur \u00e9motions, apprentissage de l\u00e9coute, etc.. Ou \u00e9nerg\u00e9tiques bio-\u00e9nergie, catharsis, travail sur les chakras, tantra-yoga sont destin\u00e9es \u00e0 accro\u00eetre la conscience par del\u00e0 les limitations de lego. Je vous pr\u00e9sente ici Lisa, qui se fait une joie darriver en France tout droit de Montr\u00e9al pour vous enseigner le yoga pendant 3 mois. Le retrait des sens ce nest pas le rejet du monde, de la soci\u00e9t\u00e9, quels quen soient les d\u00e9fauts et lhypocrisie. Mais pratyahara interroge chacun de nous sur la place que nous accordons \u00e0 la satisfaction \u00e9go\u00efste de nos d\u00e9sirs, \u00e0 lavidit\u00e9 pour les possessions, mat\u00e9rielles mais aussi affectives. Lavidit\u00e9 et la fascination pour le divertissement lindustrie de lentertainment. Il ne sagit pas de rejeter en bloc la technologie, les possessions mat\u00e9rielles etc ; il sagit de savoir les utiliser \u00e0 bon escient, et non plus den \u00eatre les esclaves bienheureux! Aujourdhui, nous profitons dune journ\u00e9e libre. Si possible, ce matin tr\u00e8s t\u00f4t, nous monterons sur la dune chantante, avant que la chaleur napparaisse.  Que diriez-vous de faire lexp\u00e9rience du yoga int\u00e9gral pendant 3 jours? Retrouver l\u00e9nergie n\u00e9cessaire apr\u00e8s cette p\u00e9riode difficile et pr\u00e9parer l\u00e9t\u00e9 sereinement. Prendre le temps pour des pratiques nouvelles, approfondir celles que vous connaissez d\u00e9j\u00e0, poser vos questions, trouver Une vision du Sacr\u00e9. Mon Voyage Personnel avec Krishnamurti. Sunanda Patwardhan, 1999. A Vision of the Sacred : My Personal Journey with Krishnamurti-Sunanda Patwardhan, South Asia Books ; 2nd edition, 1999 : ISBN 0-14-029447-3 Quand le vieillard perd pied, quil perd la m\u00e9moire, il est moins conscient, non?  44. Mary Lutyens LEveil Awakening, Farrar, Straus reli\u00e9, chapitre 33, \u00e9galement en ligne lien dans la note pr\u00e9c\u00e9dente.<\/p>\n","protected":false},"excerpt":{"rendered":"<p>yoga rencontrer la tradition<\/p>\n","protected":false},"author":1,"featured_media":0,"comment_status":"closed","ping_status":"closed","sticky":false,"template":"","format":"standard","meta":[],"categories":[1],"tags":[],"_links":{"self":[{"href":"https:\/\/prontointernational.org\/img\/wp-json\/wp\/v2\/posts\/4715"}],"collection":[{"href":"https:\/\/prontointernational.org\/img\/wp-json\/wp\/v2\/posts"}],"about":[{"href":"https:\/\/prontointernational.org\/img\/wp-json\/wp\/v2\/types\/post"}],"author":[{"embeddable":true,"href":"https:\/\/prontointernational.org\/img\/wp-json\/wp\/v2\/users\/1"}],"replies":[{"embeddable":true,"href":"https:\/\/prontointernational.org\/img\/wp-json\/wp\/v2\/comments?post=4715"}],"version-history":[{"count":1,"href":"https:\/\/prontointernational.org\/img\/wp-json\/wp\/v2\/posts\/4715\/revisions"}],"predecessor-version":[{"id":4716,"href":"https:\/\/prontointernational.org\/img\/wp-json\/wp\/v2\/posts\/4715\/revisions\/4716"}],"wp:attachment":[{"href":"https:\/\/prontointernational.org\/img\/wp-json\/wp\/v2\/media?parent=4715"}],"wp:term":[{"taxonomy":"category","embeddable":true,"href":"https:\/\/prontointernational.org\/img\/wp-json\/wp\/v2\/categories?post=4715"},{"taxonomy":"post_tag","embeddable":true,"href":"https:\/\/prontointernational.org\/img\/wp-json\/wp\/v2\/tags?post=4715"}],"curies":[{"name":"wp","href":"https:\/\/api.w.org\/{rel}","templated":true}]}}