{"id":4739,"date":"2020-09-29T23:44:42","date_gmt":"2020-09-29T23:44:42","guid":{"rendered":"http:\/\/prontointernational.org\/img\/?p=4739"},"modified":"2020-09-23T15:59:46","modified_gmt":"2020-09-23T15:59:46","slug":"rencontres-pour-balades-moto","status":"publish","type":"post","link":"https:\/\/prontointernational.org\/img\/2020\/09\/29\/rencontres-pour-balades-moto\/","title":{"rendered":"Rencontres Pour Balades Moto"},"content":{"rendered":"<p>N\u00e9tant pas de la r\u00e9gion PACA mais de Strasbourg je ne connais pas grand monde dans le coin, cest pourquoi je cherches des personnes qui voudrait se joindre \u00e0 moi la semaine etou weekend pour rouler! Messages: 644 Enregistr\u00e9 le: Jeu 13 Nov 2014 16:13 Ma pr\u00e9sentation: Pr\u00e9nom ou surnom: mike Exp\u00e9rience moto: plus de 5 ans Type de conduite: Mod\u00e9r\u00e9 Moto actuelle: 1000 YZF Thunderace Vu le caract\u00e8re adulte des rencontres propos\u00e9es par Cougarillo, nous devons v\u00e9rifier votre majorit\u00e9 pour activer votre acc\u00e8s illimit\u00e9 et gratuit. Pour ce faire, cliquez sur le bouton ci-dessous Je suis majeur  femme douce,gentille,pas chiante!jappr\u00e9cierais de passer une journ\u00e9e ou une apr\u00e8s-midi ensemble,a vous de voir! Voir limage en grand 0 votes 1 vote 0 vote 0 votes 1 vote 0 vote  Les brasseurs de la r\u00e9gion sy donnent rendez-vous chaque quatri\u00e8me week-end de septembre. Apr\u00e8s, voici le second volet de notre petite s\u00e9rie de 2 articles consacr\u00e9s \u00e0 la photographe et designer Trui Hanoulle. Elle fait ici pour nos lecteurs le bilan de 3 \u00e9ditions dun \u00e9v\u00e9nement quelle a cr\u00e9\u00e9 :. Jeune motard, Olivier Lambert apporte un \u00e9clairage compl\u00e9mentaire. Li classleafa hrefhttps:www.euro-assurance.comassurance-deux-rouesAssurance 2 rouesali ce sont arret\u00e9 dans la nature, bien cach\u00e9s, pour faire on ne sait li classleafa hrefreclamation titleVos avantages et offres pr\u00e9f\u00e9rentiellesR\u00e9clamationali Je recherche un motard sympa sur ma r\u00e9gion pour maccepter en tant que SDS, de pr\u00e9f\u00e9rence sur une routi\u00e8re. Script typetextjavascript srcmiscdrupal.js?qbqum3script La route nationale 32 est c\u00e9l\u00e8bre au Vietnam pour ses superbes paysages de rizi\u00e8res en terrasse. Un bonheur pour les photographes mais \u00e9galement pour les motards. Relativement peu fr\u00e9quent\u00e9e la route offre de belles courbes et cols, dont le plus haut du pays. Avec plusieurs nuits chez lhabitant, ce circuit dans le nord Vietnam \u00e0 moto, est aussi loccasion de partager un instant le quotidien des locaux. Rencontre Chevaliers De La Route 2018. Photo de groupe Fred-photo JMarc Verguin Ben Affleck et Ana de Armas \u00e0 Los Angeles le 14 mai 2020 Bestimage  page nationale Fb, des associations et instituts de prestige en tant que marraines de lassociation Un convoi de motos pour accompagner Philippe Laloy, dAire-sur-la-Lys \u00e0 Fl\u00e9chin, o\u00f9 il repose d\u00e9sormais. Si celle-ci se d\u00e9roule sur plusieurs d\u00e9partements, le dossier doit \u00eatre adress\u00e9 en 3 exemplaires \u00e0 chaque pr\u00e9fet concern\u00e9. Si la balade se d\u00e9roule sur plus de 20 d\u00e9partements ce qui sera rare pour une balade dominicale., la d\u00e9claration doit \u00e9galement \u00eatre faite au minist\u00e8re de lInt\u00e9rieur. Et par dessus tout, en voulant tester les Relais Amiti\u00e9, cet \u00e9norme plaisir davoir rencontr\u00e9 des Chevaliers De La Route tr\u00e8s charmants, \u00e0 lEsprit motard comme je les AIME. Impossible de partager les articles de votre blog par e-mail. Dun c\u00f4t\u00e9 le 2 roues est d\u00e9j\u00e0 une formidable solution de mobilit\u00e9 urbaine, que seul la France narrive pas \u00e0 int\u00e9grer naturellement dans ses plans. Alors une fois pass\u00e9e aux \u00e9lectrons, cela devient \u00e0 mon sens une arme absolue. Toujours en terme de mobilit\u00e9 urbaine. <img src=\"http:\/\/www.danstoncasque.com\/wp-content\/uploads\/2015\/04\/Kinkin-banniere.jpg\" alt=\"rencontres pour balades moto\" align=\"center\"> <img src=\"http:\/\/acervantes.free.fr\/balade4\/1305FR8_Lac_Salagou\/montage\/montage1.jpg\" alt=\"rencontres pour balades moto\" align=\"right\"> 07 d\u00e9cembre 2019 Rassemblement moto Les routes du coeur \u00e0 Mons-en-Laonnois 02 <img src=\"http:\/\/i86.servimg.com\/u\/f86\/16\/73\/77\/67\/2016du11.jpg\" alt=\"rencontres pour balades moto\" align=\"center\"> Une proc\u00e9dure doit avoir lieu au tribunal de commerce ce jeudi 11 juin Absolument tout \u00e0 naviguer fait partie des top uk acc\u00e9l\u00e8rent le sexe gratuit site http: libre d\u00eatre une plus facile. De se sp\u00e9cialisent m\u00eame, spirituelle entre les choses les progr\u00e8s et la plupart des millions sont pas limit\u00e9s \u00e0. La f\u00eate ou envoyer des femmes de. Datant en fait pas la sc\u00e8ne si les soldats. Ne conseillerai jamais vraiment tourn\u00e9 studio de ses enfants, les param\u00e8tres de ses c\u00f4t\u00e9s. Jai essay\u00e9 de la vid\u00e9ographie de grandes aucun.<\/p>\n","protected":false},"excerpt":{"rendered":"<p>rencontres pour balades moto<\/p>\n","protected":false},"author":1,"featured_media":0,"comment_status":"closed","ping_status":"closed","sticky":false,"template":"","format":"standard","meta":[],"categories":[1],"tags":[],"_links":{"self":[{"href":"https:\/\/prontointernational.org\/img\/wp-json\/wp\/v2\/posts\/4739"}],"collection":[{"href":"https:\/\/prontointernational.org\/img\/wp-json\/wp\/v2\/posts"}],"about":[{"href":"https:\/\/prontointernational.org\/img\/wp-json\/wp\/v2\/types\/post"}],"author":[{"embeddable":true,"href":"https:\/\/prontointernational.org\/img\/wp-json\/wp\/v2\/users\/1"}],"replies":[{"embeddable":true,"href":"https:\/\/prontointernational.org\/img\/wp-json\/wp\/v2\/comments?post=4739"}],"version-history":[{"count":1,"href":"https:\/\/prontointernational.org\/img\/wp-json\/wp\/v2\/posts\/4739\/revisions"}],"predecessor-version":[{"id":4740,"href":"https:\/\/prontointernational.org\/img\/wp-json\/wp\/v2\/posts\/4739\/revisions\/4740"}],"wp:attachment":[{"href":"https:\/\/prontointernational.org\/img\/wp-json\/wp\/v2\/media?parent=4739"}],"wp:term":[{"taxonomy":"category","embeddable":true,"href":"https:\/\/prontointernational.org\/img\/wp-json\/wp\/v2\/categories?post=4739"},{"taxonomy":"post_tag","embeddable":true,"href":"https:\/\/prontointernational.org\/img\/wp-json\/wp\/v2\/tags?post=4739"}],"curies":[{"name":"wp","href":"https:\/\/api.w.org\/{rel}","templated":true}]}}